{"id":16843,"date":"2016-09-25T16:48:44","date_gmt":"2016-09-25T15:48:44","guid":{"rendered":"http:\/\/diariodevurgos.com\/dvwps\/?p=16843"},"modified":"2016-09-25T16:53:51","modified_gmt":"2016-09-25T15:53:51","slug":"con-la-musica-a-esta-parte-desde-el-huerto-comunitario-de-capiscol","status":"publish","type":"post","link":"https:\/\/diariodevurgos.com\/dvwps\/con-la-musica-a-esta-parte-desde-el-huerto-comunitario-de-capiscol.php","title":{"rendered":"Con la m\u00fasica a esta parte desde el Huerto Comunitario de Capiscol"},"content":{"rendered":"<p class=\"lead\">Ayer, s\u00e1bado 24 de septiembre, se llev\u00f3 a cabo una jornada de apoyo y difusi\u00f3n del curso sobre etnograf\u00ed\u00ada y m\u00fasica tradicional castellana <em>con la m\u00fasica a esta parte<\/em> que va a impulsar la<a href=\"http:\/\/www.lecturasdezamarraco.net\/#excursos\"> editorial Lecturas de Zamarraco<\/a>. Una iniciativa que trata de combinar el estudio de nuestro pasado etnogr\u00e1fico y el desarrollo del pensamiento cr\u00ed\u00adtico que se extender\u00e1 desde mediados de octubre hasta el mes de mayo.<\/p>\n<p>[youtube]9YaZIDC4VGM&amp;feature=youtu.be[\/youtube]<\/p>\n<p>Entre las actuaciones que ayer pudieron escucharse en el <strong>Huerto Comunitario de Capiscol,<\/strong> donde tambi\u00e9n estuvo presente <a href=\"https:\/\/twitter.com\/DiariodeVurgos\/status\/779729580861059072\">Agust\u00ed\u00adn Guevara, el <em>Juglar Castellano<\/em><\/a>,\u00a0 recogemos de momento la del grupo Arrabel que logr\u00f3 animar a los presentes con su m\u00fasica de la tierra.<strong> Radio Onda Expansiva<\/strong> realiz\u00f3 <a href=\"http:\/\/ondaexpansiva.net\/con-la-musica-a-esta-parte\/\">una peque\u00f1a cobertura del desarroll\u00f3 de la jornada <\/a>que estuvo precedida de un <a href=\"https:\/\/twitter.com\/DiariodeVurgos\/status\/779658943413030916\">curioso pasacalles por el barrio de Gamonal a ritmo de dulzainas y zamarracos.<\/a><\/p>\n","protected":false},"excerpt":{"rendered":"<p>Ayer, s\u00e1bado 24 de septiembre, se llev\u00f3 a cabo una jornada de apoyo y difusi\u00f3n del curso sobre etnograf\u00ed\u00ada y m\u00fasica tradicional castellana con la m\u00fasica a esta parte que va a impulsar la editorial Lecturas de Zamarraco. Una iniciativa que trata de combinar el estudio de nuestro pasado etnogr\u00e1fico y el desarrollo del pensamiento&#8230;  <a href=\"https:\/\/diariodevurgos.com\/dvwps\/con-la-musica-a-esta-parte-desde-el-huerto-comunitario-de-capiscol.php\" class=\"more-link\" title=\"Read Con la m\u00fasica a esta parte desde el Huerto Comunitario de Capiscol\">Read more &raquo;<\/a><\/p>\n","protected":false},"author":2,"featured_media":0,"comment_status":"open","ping_status":"closed","sticky":false,"template":"","format":"standard","meta":[],"categories":[2,101,64,68],"tags":[],"_links":{"self":[{"href":"https:\/\/diariodevurgos.com\/dvwps\/wp-json\/wp\/v2\/posts\/16843"}],"collection":[{"href":"https:\/\/diariodevurgos.com\/dvwps\/wp-json\/wp\/v2\/posts"}],"about":[{"href":"https:\/\/diariodevurgos.com\/dvwps\/wp-json\/wp\/v2\/types\/post"}],"author":[{"embeddable":true,"href":"https:\/\/diariodevurgos.com\/dvwps\/wp-json\/wp\/v2\/users\/2"}],"replies":[{"embeddable":true,"href":"https:\/\/diariodevurgos.com\/dvwps\/wp-json\/wp\/v2\/comments?post=16843"}],"version-history":[{"count":1,"href":"https:\/\/diariodevurgos.com\/dvwps\/wp-json\/wp\/v2\/posts\/16843\/revisions"}],"predecessor-version":[{"id":16844,"href":"https:\/\/diariodevurgos.com\/dvwps\/wp-json\/wp\/v2\/posts\/16843\/revisions\/16844"}],"wp:attachment":[{"href":"https:\/\/diariodevurgos.com\/dvwps\/wp-json\/wp\/v2\/media?parent=16843"}],"wp:term":[{"taxonomy":"category","embeddable":true,"href":"https:\/\/diariodevurgos.com\/dvwps\/wp-json\/wp\/v2\/categories?post=16843"},{"taxonomy":"post_tag","embeddable":true,"href":"https:\/\/diariodevurgos.com\/dvwps\/wp-json\/wp\/v2\/tags?post=16843"}],"curies":[{"name":"wp","href":"https:\/\/api.w.org\/{rel}","templated":true}]}}