{"id":16851,"date":"2016-10-01T11:44:01","date_gmt":"2016-10-01T10:44:01","guid":{"rendered":"http:\/\/diariodevurgos.com\/dvwps\/?p=16851"},"modified":"2016-10-03T18:56:13","modified_gmt":"2016-10-03T17:56:13","slug":"regresan-los-cafes-tertulia-a-la-maldita-burgos","status":"publish","type":"post","link":"https:\/\/diariodevurgos.com\/dvwps\/regresan-los-cafes-tertulia-a-la-maldita-burgos.php","title":{"rendered":"Regresan los caf\u00e9s tertulia a La Maldita"},"content":{"rendered":"<p class=\"lead\">Despu\u00e9s del peque\u00f1o par\u00f3n veraniego, se retoman en la La Maldita los ya habituales caf\u00e9s tertulia. El primero de ellos tendr\u00e1 lugar el pr\u00f3ximo<strong> martes d\u00ed\u00ada 4 de Octubre<\/strong> a las 18:30 horas.<\/p>\n<p>La tem\u00e1tica con la que se retoman es: &#8220;<strong>La cultura de la violaci\u00f3n<\/strong>&#8220;.<\/p>\n<img loading=\"lazy\" class=\"size-full wp-image-16859 aligncenter\" src=\"http:\/\/diariodevurgos.com\/dvwps\/wp-content\/uploads\/2016\/10\/cultura-de-la-violacion.jpg\" alt=\"cultura-de-la-violacion\" width=\"297\" height=\"422\" srcset=\"https:\/\/diariodevurgos.com\/dvwps\/wp-content\/uploads\/2016\/10\/cultura-de-la-violacion.jpg 297w, https:\/\/diariodevurgos.com\/dvwps\/wp-content\/uploads\/2016\/10\/cultura-de-la-violacion-211x300.jpg 211w, https:\/\/diariodevurgos.com\/dvwps\/wp-content\/uploads\/2016\/10\/cultura-de-la-violacion-100x142.jpg 100w, https:\/\/diariodevurgos.com\/dvwps\/wp-content\/uploads\/2016\/10\/cultura-de-la-violacion-150x213.jpg 150w, https:\/\/diariodevurgos.com\/dvwps\/wp-content\/uploads\/2016\/10\/cultura-de-la-violacion-200x284.jpg 200w\" sizes=\"(max-width: 297px) 100vw, 297px\" \/>\n<p><!--more--><\/p>\n<p>Aqu\u00ed\u00ad os dejamos un par de textos que ser\u00e1n tratados en el caf\u00e9 tertulia <a href=\"http:\/\/ohmydeer.net\/que-es-la-cultura-de-la-violacion\/\">(1)<\/a> <a href=\"http:\/\/www.pikaramagazine.com\/2016\/01\/vienen-a-violar-a-nuestras-mujeres\/\">(2)<\/a> y donde pode\u00ed\u00ads profundizar m\u00e1s sobre esta problem\u00e1tica que inumerables veces ha quedado patente en nuestra sociedad.<\/p>\n<p>El tema a tratar fue especialmente relevante este a\u00f1o, durante las fiestas de Pamplona, la cultura de la violaci\u00f3n quedo patente con ejemplos como este:<img loading=\"lazy\" class=\"size-full wp-image-16861 aligncenter\" src=\"http:\/\/diariodevurgos.com\/dvwps\/wp-content\/uploads\/2016\/10\/provocadoras.png\" alt=\"provocadoras\" width=\"625\" height=\"551\" srcset=\"https:\/\/diariodevurgos.com\/dvwps\/wp-content\/uploads\/2016\/10\/provocadoras.png 625w, https:\/\/diariodevurgos.com\/dvwps\/wp-content\/uploads\/2016\/10\/provocadoras-300x264.png 300w, https:\/\/diariodevurgos.com\/dvwps\/wp-content\/uploads\/2016\/10\/provocadoras-100x88.png 100w, https:\/\/diariodevurgos.com\/dvwps\/wp-content\/uploads\/2016\/10\/provocadoras-150x132.png 150w, https:\/\/diariodevurgos.com\/dvwps\/wp-content\/uploads\/2016\/10\/provocadoras-200x176.png 200w, https:\/\/diariodevurgos.com\/dvwps\/wp-content\/uploads\/2016\/10\/provocadoras-450x397.png 450w, https:\/\/diariodevurgos.com\/dvwps\/wp-content\/uploads\/2016\/10\/provocadoras-600x529.png 600w\" sizes=\"(max-width: 625px) 100vw, 625px\" \/><\/p>\n<p>Una persona justificando publicamente o al menos poniendo en duda una violaci\u00f3n de cinco individuos a una chica que cas\u00ed\u00ad era menor de edad con argumentos tan simples es algo muy com\u00fan. Detectar en ocasiones esto es sumamente f\u00e1cil, su discurso se centra en juzgar a la victima.<\/p>\n<p>&nbsp;<\/p>\n","protected":false},"excerpt":{"rendered":"<p>Despu\u00e9s del peque\u00f1o par\u00f3n veraniego, se retoman en la La Maldita los ya habituales caf\u00e9s tertulia. El primero de ellos tendr\u00e1 lugar el pr\u00f3ximo martes d\u00ed\u00ada 4 de Octubre a las 18:30 horas. La tem\u00e1tica con la que se retoman es: &#8220;La cultura de la violaci\u00f3n&#8220;.<\/p>\n","protected":false},"author":1,"featured_media":0,"comment_status":"open","ping_status":"closed","sticky":false,"template":"","format":"standard","meta":[],"categories":[2,57,27,47],"tags":[],"_links":{"self":[{"href":"https:\/\/diariodevurgos.com\/dvwps\/wp-json\/wp\/v2\/posts\/16851"}],"collection":[{"href":"https:\/\/diariodevurgos.com\/dvwps\/wp-json\/wp\/v2\/posts"}],"about":[{"href":"https:\/\/diariodevurgos.com\/dvwps\/wp-json\/wp\/v2\/types\/post"}],"author":[{"embeddable":true,"href":"https:\/\/diariodevurgos.com\/dvwps\/wp-json\/wp\/v2\/users\/1"}],"replies":[{"embeddable":true,"href":"https:\/\/diariodevurgos.com\/dvwps\/wp-json\/wp\/v2\/comments?post=16851"}],"version-history":[{"count":4,"href":"https:\/\/diariodevurgos.com\/dvwps\/wp-json\/wp\/v2\/posts\/16851\/revisions"}],"predecessor-version":[{"id":16875,"href":"https:\/\/diariodevurgos.com\/dvwps\/wp-json\/wp\/v2\/posts\/16851\/revisions\/16875"}],"wp:attachment":[{"href":"https:\/\/diariodevurgos.com\/dvwps\/wp-json\/wp\/v2\/media?parent=16851"}],"wp:term":[{"taxonomy":"category","embeddable":true,"href":"https:\/\/diariodevurgos.com\/dvwps\/wp-json\/wp\/v2\/categories?post=16851"},{"taxonomy":"post_tag","embeddable":true,"href":"https:\/\/diariodevurgos.com\/dvwps\/wp-json\/wp\/v2\/tags?post=16851"}],"curies":[{"name":"wp","href":"https:\/\/api.w.org\/{rel}","templated":true}]}}