{"id":16856,"date":"2016-10-01T08:59:43","date_gmt":"2016-10-01T07:59:43","guid":{"rendered":"http:\/\/diariodevurgos.com\/dvwps\/?p=16856"},"modified":"2016-10-01T08:59:43","modified_gmt":"2016-10-01T07:59:43","slug":"de-ninos-en-peligro-a-ninos-peligrosos-entrevista-con-la-asociacion-harraga-en-radio-onda-expansiva","status":"publish","type":"post","link":"https:\/\/diariodevurgos.com\/dvwps\/de-ninos-en-peligro-a-ninos-peligrosos-entrevista-con-la-asociacion-harraga-en-radio-onda-expansiva.php","title":{"rendered":"De ni\u00f1os en peligro a ni\u00f1os peligrosos. Entrevista con la asociaci\u00f3n Harraga en Radio Onda Expansiva"},"content":{"rendered":"<p class=\"lead\">La asociaci\u00f3n Harraga, entidad que se dedica al seguimiento de la situaci\u00f3n de los menores inmigrantes no acompa\u00f1ados en Melilla, ha publicado <a href=\"https:\/\/drive.google.com\/file\/d\/0Bz05qN-0lg1TZGJYblZmMzhiQjg\/view\">un extenso informe <\/a>en el que se denuncian las varias violencias que se ejercen sobre estos ni\u00f1os que vagan por las calles de la ciudad aut\u00f3noma. <strong>Radio Onda Expansiva<\/strong> ha realizado <a href=\"http:\/\/ondaexpansiva.net\/de-ninos-en-peligro-a-ninos-peligrosos\/\">una entrevista con esta asociaci\u00f3n<\/a> que se encuentra en plena <a href=\"https:\/\/www.goteo.org\/project\/nada-vale-si-hay-un-nino-en-la-calle\">campa\u00f1a de recogida de fondos <\/a>para poder seguir continuando con su labor social.<\/p>\n<img loading=\"lazy\" class=\"aligncenter  wp-image-16857\" src=\"http:\/\/diariodevurgos.com\/dvwps\/wp-content\/uploads\/2016\/10\/Harraga-Melilla.jpg\" alt=\"harraga-melilla\" width=\"475\" height=\"378\" srcset=\"https:\/\/diariodevurgos.com\/dvwps\/wp-content\/uploads\/2016\/10\/Harraga-Melilla.jpg 960w, https:\/\/diariodevurgos.com\/dvwps\/wp-content\/uploads\/2016\/10\/Harraga-Melilla-300x239.jpg 300w, https:\/\/diariodevurgos.com\/dvwps\/wp-content\/uploads\/2016\/10\/Harraga-Melilla-768x611.jpg 768w, https:\/\/diariodevurgos.com\/dvwps\/wp-content\/uploads\/2016\/10\/Harraga-Melilla-100x80.jpg 100w, https:\/\/diariodevurgos.com\/dvwps\/wp-content\/uploads\/2016\/10\/Harraga-Melilla-150x119.jpg 150w, https:\/\/diariodevurgos.com\/dvwps\/wp-content\/uploads\/2016\/10\/Harraga-Melilla-200x159.jpg 200w, https:\/\/diariodevurgos.com\/dvwps\/wp-content\/uploads\/2016\/10\/Harraga-Melilla-450x358.jpg 450w, https:\/\/diariodevurgos.com\/dvwps\/wp-content\/uploads\/2016\/10\/Harraga-Melilla-600x478.jpg 600w, https:\/\/diariodevurgos.com\/dvwps\/wp-content\/uploads\/2016\/10\/Harraga-Melilla-900x716.jpg 900w\" sizes=\"(max-width: 475px) 100vw, 475px\" \/>\n","protected":false},"excerpt":{"rendered":"<p>La asociaci\u00f3n Harraga, entidad que se dedica al seguimiento de la situaci\u00f3n de los menores inmigrantes no acompa\u00f1ados en Melilla, ha publicado un extenso informe en el que se denuncian las varias violencias que se ejercen sobre estos ni\u00f1os que vagan por las calles de la ciudad aut\u00f3noma. Radio Onda Expansiva ha realizado una entrevista&#8230;  <a href=\"https:\/\/diariodevurgos.com\/dvwps\/de-ninos-en-peligro-a-ninos-peligrosos-entrevista-con-la-asociacion-harraga-en-radio-onda-expansiva.php\" class=\"more-link\" title=\"Read De ni\u00f1os en peligro a ni\u00f1os peligrosos. Entrevista con la asociaci\u00f3n Harraga en Radio Onda Expansiva\">Read more &raquo;<\/a><\/p>\n","protected":false},"author":2,"featured_media":0,"comment_status":"open","ping_status":"closed","sticky":false,"template":"","format":"standard","meta":[],"categories":[46,28,23],"tags":[],"_links":{"self":[{"href":"https:\/\/diariodevurgos.com\/dvwps\/wp-json\/wp\/v2\/posts\/16856"}],"collection":[{"href":"https:\/\/diariodevurgos.com\/dvwps\/wp-json\/wp\/v2\/posts"}],"about":[{"href":"https:\/\/diariodevurgos.com\/dvwps\/wp-json\/wp\/v2\/types\/post"}],"author":[{"embeddable":true,"href":"https:\/\/diariodevurgos.com\/dvwps\/wp-json\/wp\/v2\/users\/2"}],"replies":[{"embeddable":true,"href":"https:\/\/diariodevurgos.com\/dvwps\/wp-json\/wp\/v2\/comments?post=16856"}],"version-history":[{"count":1,"href":"https:\/\/diariodevurgos.com\/dvwps\/wp-json\/wp\/v2\/posts\/16856\/revisions"}],"predecessor-version":[{"id":16858,"href":"https:\/\/diariodevurgos.com\/dvwps\/wp-json\/wp\/v2\/posts\/16856\/revisions\/16858"}],"wp:attachment":[{"href":"https:\/\/diariodevurgos.com\/dvwps\/wp-json\/wp\/v2\/media?parent=16856"}],"wp:term":[{"taxonomy":"category","embeddable":true,"href":"https:\/\/diariodevurgos.com\/dvwps\/wp-json\/wp\/v2\/categories?post=16856"},{"taxonomy":"post_tag","embeddable":true,"href":"https:\/\/diariodevurgos.com\/dvwps\/wp-json\/wp\/v2\/tags?post=16856"}],"curies":[{"name":"wp","href":"https:\/\/api.w.org\/{rel}","templated":true}]}}