{"id":1687,"date":"2008-07-26T13:08:23","date_gmt":"2008-07-26T12:08:23","guid":{"rendered":"http:\/\/diariodevurgos.com\/dvwps\/encuentro-del-libro-anarquista-de-salamancadel-14-al-17-de-agosto.php"},"modified":"2008-07-27T17:57:23","modified_gmt":"2008-07-27T16:57:23","slug":"encuentro-del-libro-anarquista-de-salamancadel-14-al-17-de-agosto","status":"publish","type":"post","link":"https:\/\/diariodevurgos.com\/dvwps\/encuentro-del-libro-anarquista-de-salamancadel-14-al-17-de-agosto.php","title":{"rendered":"Encuentro del libro anarquista de Salamanca(del 14 al 17 de Agosto)"},"content":{"rendered":"<p class=\"lead\"><img loading=\"lazy\" id=\"image1688\" style=\"height: 115px\" height=\"115\" alt=\"untitled.bmp\" src=\"http:\/\/diariodevurgos.com\/dvwps\/wp-content\/uploads\/2008\/07\/untitled.bmp\" width=\"111\" align=\"right\" \/>Nace el Encuentro del libro Anarquista de Salamanca, con esta primea edici\u00f3n pretendemos construir un espacio de acci\u00f3n y teoria que poco a poco se consolide dentro de la red anual de ferias del libros que se organizan en la peninsula ib\u00e9rica.<br \/>\nOs invitamos a participar en la primera edici\u00f3n de esta feria. Os animamos a que traig\u00e1is vuestro material y os pas\u00e9is unos d\u00ed\u00adas por Salamanca.\u00a0<\/p>\n<p><!--more-->Entendemos la distribuci\u00f3n anticomercial como una herramienta necesaria para difundir un ideal, para crear conciencia, debate, transformaci\u00f3n social, de manera autogestionada, sin los condicionantes est\u00e9ticos e ideol\u00f3gicos que impone el mercado comercial, creando nosotrxs mismxs un espacio propio, libre de la l\u00f3gica del mercado.<\/p>\n<p>No nos mueve el beneficio, ni el \u00e9xito, ni la competencia, y con nuestro trabajo apoyamos las luchas sociales que ponen en cuesti\u00f3n el orden dominante.<\/p>\n<p>Pretendemos una cultura de hacer las cosas con tus propios medios y dejando los costes de los materiales lo mas asequible posible.<\/p>\n<p>Las Distribuidoras alternativas ayudan a poner en contacto a grupos y personas dispersas que necesitamos de la comunicaci\u00f3n con lxs otrxs para poner en com\u00fan nuestras reflexiones, acciones y creacciones.<\/p>\n<p>Aspiramos a sentir algo diferente de lo que nos venden como vida.<\/p>\n<p>Durante los cuatro d\u00ed\u00adas habr\u00e1 exposiciones y cada editorial, librer\u00ed\u00ada o distribuidora participante tendr\u00e1 un puesto con libros, fanzines y l\u00ed\u00adbelos.<br \/>\nSin m\u00e1s, un saludo y nos vemos en la herramienta.<\/p>\n<p>Toda la informaci\u00f3n en la <a href=\"http:\/\/www.klinamen.org\/feriasalamanca\" target=\"_blank\">Web de La feria del Libro de Salamanca<\/a><\/p>\n<p><strong>Programa<\/strong><\/p>\n<p><strong>Jueves 14 de agosto <\/strong><\/p>\n<p>9:00 Inauguracion\/Apertura de puertas<br \/>\n21:00 Cenador Vegano<br \/>\n22:00 Pase de video &#8220;Acratas- los anarquistas en el mar de la plata-&#8221;<br \/>\nDireccion -Virginia martinez\/ Produccion e investigacion de archivos-Alicia de Oliveira\/Texto-Carlos Liscano\/Fotografia-Daniel Cheico\/Musica-Hugo jasa,Carl90s Cotelo\/Montaje-Jorge Garcia. Uruguay 2000 Duraci\u00f3n:73 min.<\/p>\n<p><strong>Viernes 15 de agosto<\/strong><\/p>\n<p>12:00 Presentaci\u00f3n de la revista Anticarcelaria &#8220;Punto de Fuga&#8221;\u009d y a<br \/>\ncontinuaci\u00f3n pase del video &#8220;Torturadxs&#8221;\u009d, arte contra la tortura policial en<br \/>\napoyo a Sergio L.D.<br \/>\n15:00 Comedor Vegano<br \/>\n17:00 Taller de encuadernaci\u00f3n de libros cosidos y encolados a mano<br \/>\n19:00 Charla\/ presentaci\u00f3n del libro &#8220;Huye, hombre huye&#8221;\u009d, a cargo de Pastora<br \/>\nGonz\u00e1les, madre del autor, Xos\u00e9 Tarrio. Editorial: Virus<br \/>\n21:30 Cenador Vegano<br \/>\n22:30 Concierto de Cantautores<br \/>\nEmofilia+Zumo de melocoton y odio+Roman<\/p>\n<p><strong>S\u00e1bado 16 de agosto<\/strong><\/p>\n<p>12:00. Presentaci\u00f3n del libro naturaleza, ruralidad y civilizaci\u00f3n<br \/>\na cargo de su autor, F\u00e9lix Rodrigo Mora. Editorial: Brulot<br \/>\n15:00 Comedor Vegano<br \/>\n17:00. Taller de maquetaci\u00f3n de libros<br \/>\n18:30. Presentaci\u00f3n del libro &#8220;Por una memoria anticapitalista&#8221;\u009d (Reflexiones sobre la autonom\u00ed\u00ada)<br \/>\n21:30. Cenador Vegano<br \/>\n22:30. Concierto de cantautores:<br \/>\nHector Nenofilus + Pandemia + buterflay<\/p>\n<p><strong>Domingo 17 agosto<\/strong><\/p>\n<p>12:00. Mesa redonda sobre distribuci\u00f3n y edici\u00f3n alternativa Participaran varias de las distribuidoras asistentes<br \/>\n15:00 Comedor Vegano<br \/>\n17:00 Taller de maquetaci\u00f3n de fanzines<br \/>\n18:00 Despedida<\/p>\n<p>Todas las actividades seran en el csoa La Herramienta<\/p>\n","protected":false},"excerpt":{"rendered":"<p>Nace el Encuentro del libro Anarquista de Salamanca, con esta primea edici\u00f3n pretendemos construir un espacio de acci\u00f3n y teoria que poco a poco se consolide dentro de la red anual de ferias del libros que se organizan en la peninsula ib\u00e9rica. Os invitamos a participar en la primera edici\u00f3n de esta feria. Os animamos&#8230;  <a href=\"https:\/\/diariodevurgos.com\/dvwps\/encuentro-del-libro-anarquista-de-salamancadel-14-al-17-de-agosto.php\" class=\"more-link\" title=\"Read Encuentro del libro anarquista de Salamanca(del 14 al 17 de Agosto)\">Read more &raquo;<\/a><\/p>\n","protected":false},"author":13,"featured_media":0,"comment_status":"open","ping_status":"closed","sticky":false,"template":"","format":"standard","meta":[],"categories":[14],"tags":[],"_links":{"self":[{"href":"https:\/\/diariodevurgos.com\/dvwps\/wp-json\/wp\/v2\/posts\/1687"}],"collection":[{"href":"https:\/\/diariodevurgos.com\/dvwps\/wp-json\/wp\/v2\/posts"}],"about":[{"href":"https:\/\/diariodevurgos.com\/dvwps\/wp-json\/wp\/v2\/types\/post"}],"author":[{"embeddable":true,"href":"https:\/\/diariodevurgos.com\/dvwps\/wp-json\/wp\/v2\/users\/13"}],"replies":[{"embeddable":true,"href":"https:\/\/diariodevurgos.com\/dvwps\/wp-json\/wp\/v2\/comments?post=1687"}],"version-history":[{"count":0,"href":"https:\/\/diariodevurgos.com\/dvwps\/wp-json\/wp\/v2\/posts\/1687\/revisions"}],"wp:attachment":[{"href":"https:\/\/diariodevurgos.com\/dvwps\/wp-json\/wp\/v2\/media?parent=1687"}],"wp:term":[{"taxonomy":"category","embeddable":true,"href":"https:\/\/diariodevurgos.com\/dvwps\/wp-json\/wp\/v2\/categories?post=1687"},{"taxonomy":"post_tag","embeddable":true,"href":"https:\/\/diariodevurgos.com\/dvwps\/wp-json\/wp\/v2\/tags?post=1687"}],"curies":[{"name":"wp","href":"https:\/\/api.w.org\/{rel}","templated":true}]}}