{"id":16878,"date":"2016-10-04T16:00:58","date_gmt":"2016-10-04T15:00:58","guid":{"rendered":"http:\/\/diariodevurgos.com\/dvwps\/?p=16878"},"modified":"2016-10-06T09:58:37","modified_gmt":"2016-10-06T08:58:37","slug":"la-batalla-por-la-defensa-del-centro-social-en-gamonal","status":"publish","type":"post","link":"https:\/\/diariodevurgos.com\/dvwps\/la-batalla-por-la-defensa-del-centro-social-en-gamonal.php","title":{"rendered":"La batalla por la defensa del centro social en Gamonal"},"content":{"rendered":"<p class=\"lead\">Desde hace ya aproximadamente un a\u00f1o el <a href=\"http:\/\/csrgamonal.ga\/\">Centro Social Recuperado de Gamonal <\/a>se encuentra en situaci\u00f3n de amenaza de desalojo. Una situaci\u00f3n de <em>excepcionalidad<\/em> que, a fuerza de esperar un<strong> inminente cierre por parte de Fundaci\u00f3n Caja de Burgos<\/strong>, ha terminado por convertirse en se\u00f1a de<em> normalidad<\/em> para vecinos y usuarios habituales del espacio. La amenaza de desalojo, lejos de haber supuesto un cese de las actividades o una huida despavorida ante una posible situaci\u00f3n de peligro, como quiz\u00e1s preve\u00ed\u00ada la instituci\u00f3n bancaria, ha supuesto el afianzamiento de este espacio dentro del tejido social del barrio de Gamonal.<\/p>\n<p style=\"text-align: center;\"><img loading=\"lazy\" class=\"aligncenter wp-image-16880\" src=\"http:\/\/diariodevurgos.com\/dvwps\/wp-content\/uploads\/2016\/10\/pRESENTACI\u00ed\u201cN-csr2.jpg\" alt=\"presentacion-csr2\" width=\"391\" height=\"293\" \/><\/p>\n<p style=\"text-align: center;\"><em>Imagen de la representaci\u00f3n de<a href=\"https:\/\/www.youtube.com\/watch?v=ikcrMQRWYfY\"> La estretagia del caracol<\/a> en el CSR Gamonal<\/em><!--more--><\/p>\n<p>El pasado 28 de septiembre de 2015 <strong>Fundaci\u00f3n Caja de Burgos<\/strong> anunciaba a trav\u00e9s de la prensa local que, a pesar de haber iniciado tr\u00e1mites legales para desalojar el CSR desde su misma ocupaci\u00f3n en enero de 2014, estaba dispuesta a <a href=\"http:\/\/www.diariodeburgos.es\/noticia\/ZA81EF3D4-0A4C-6E0C-BC3F91DEC5110A15\/20150928\/caja\/burgos\/busca\/alternativas\/no\/desalojar\/csr\/gamonal\">&#8220;buscar alternativas para evitar el desalojo&#8221;\u009d<\/a>. Si leemos entre l\u00ed\u00adneas el contradictorio mensaje que en aquel momento enviaban los responsables legales de la Fundaci\u00f3n Caja de Burgos, podemos encontrar varias claves que permiten entender cu\u00e1l era la estrategia que la entidad pretend\u00ed\u00ada desarrollar sobre el espacio: Fundaci\u00f3n Caja de Burgos no tiene absolutamente ning\u00fan proyecto para desarrollar en lo que un d\u00ed\u00ada fue el Aula de Cultura situata en e\u00f1 n\u00famero 3 de la calle Pablo Casals, espacio que fue cedido por el Ayuntamiento de Burgos a la ya extinta Caja de Ahorros Municipal de Burgos en 1982 y que, a partir del a\u00f1o 2000, fue cerrado y abandonado a su suerte. Si tiramos de hemeroteca, el \u00faltimo proyecto que la denominada Obra Social ten\u00ed\u00ada proyectado para este local, data de hace ya casi una d\u00e9cada -2007-, y ten\u00ed\u00ada reservada para su materializaci\u00f3n una partida presupuestaria de 1,5 millones de euros. Del supuesto <em><a href=\"http:\/\/www.diariodeburgos.es\/noticia.cfm\/Local\/20101115\/caja\/burgos\/olvida\/pretendido\/centro\/interpretacion\/ciudad\/F6012641-A6C7-130A-F38F97BDAEB116DE\">Centro de Interpretaci\u00f3n de la Ciudad<\/a>,<\/em> as\u00ed\u00ad como de la partida presupuestaria, nada se han vuelto a saber.<\/p>\n<p>Fundaci\u00f3n Caja de Burgos quiere evitar a toda costa que un desalojo del centro social provoqu\u00e9 posibles situaciones de des\u00f3rdenes p\u00fablicos que puedan repercutir negativamente en su imagen p\u00fablica. El fantasma de los contenedores ardiendo y las barricadas en Gamonal turba el sue\u00f1o de los directivos de la Fundaci\u00f3n, m\u00e1s a\u00fan en medio de la inestabilidad pol\u00ed\u00adtica actual, que preferir\u00ed\u00adan que su imagen no se asociase a una protesta social. Todo ello, cuando adem\u00e1s, uno de sus antiguos directivos, <a href=\"http:\/\/burgos-dijital.blogspot.com.es\/2015\/01\/jose-maria-arribas-donde-estan-los-34.html\">Jos\u00e9 Mar\u00ed\u00ada Arribas<\/a>, se ha visto envuelto en un caso de corrupci\u00f3n, o se ha destapado una posible vinculaci\u00f3n de la entidad con la<a href=\"http:\/\/diariodevurgos.com\/dvwps\/la-participacion-de-cofely-en-el-hubu-la-circunvalacion-y-fundacion-caja-de-burgos-cronicas-de-la-punica-en-burgos.php\"> trama p\u00fanica<\/a> y<a href=\"https:\/\/gamonalniunpasoatras.wordpress.com\/2015\/10\/15\/el-csr-gamonal-revela-relacion-de-caja-burgos-con-la-punica-y-uso-de-tarjetas-vip-burgospunicaytarjeta\/\"> el uso de tarjetas VIP.<\/a><\/p>\n<p>Ante esta situaci\u00f3n, la entidad opta por buscar una posible cesi\u00f3n del espacio, comunicando para ello de manera oficiosa\u00a0 que una de las opciones que baraja, podr\u00ed\u00ada ser la representada por algunos espacios de Madrid, lugares que han terminado por legalizar su situaci\u00f3n pasando a depender de entes institucionales.<\/p>\n<p>El Centro Social Recuperado Gamonal entiende que dicha oferta es un caramelo envenenado con el que Fundaci\u00f3n Caja de Burgos pretende lavar su imagen ante la opini\u00f3n p\u00fablica tras m\u00e1s de una d\u00e9cada de abandono del antiguo Aula de Cultura y pone sobre la mesa sus propias alternativas para evitar el desalojo: <a href=\"http:\/\/csrgamonal.ga\/2016\/06\/15\/comunicado-csr-alternativas-al-desalojo\/\">autogesti\u00f3n vecinal y uso social del espacio, y cese de la amenaza de desalojo por parte de Caja de Burgos.<\/a> Se pone en marcha una &#8220;campa\u00f1a de resistencia&#8221;\u009d en la que, adem\u00e1s del desarrollo de <a href=\"https:\/\/www.youtube.com\/watch?v=RvAXPujkV-I\">numerosas iniciativas de protesta,<\/a> se intensifican las <a href=\"http:\/\/csrgamonal.ga\/category\/actividades\/\">actividades culturales y sociales<\/a> hasta el punto de afianzar la presencia del centro social entre los vecinos del barrio.<\/p>\n<p style=\"text-align: center;\"><img loading=\"lazy\" class=\"aligncenter wp-image-16885\" src=\"http:\/\/diariodevurgos.com\/dvwps\/wp-content\/uploads\/2016\/10\/IMG_0758.jpg\" alt=\"img_0758\" width=\"466\" height=\"349\" srcset=\"https:\/\/diariodevurgos.com\/dvwps\/wp-content\/uploads\/2016\/10\/IMG_0758.jpg 3264w, https:\/\/diariodevurgos.com\/dvwps\/wp-content\/uploads\/2016\/10\/IMG_0758-300x225.jpg 300w, https:\/\/diariodevurgos.com\/dvwps\/wp-content\/uploads\/2016\/10\/IMG_0758-768x576.jpg 768w, https:\/\/diariodevurgos.com\/dvwps\/wp-content\/uploads\/2016\/10\/IMG_0758-1024x768.jpg 1024w, https:\/\/diariodevurgos.com\/dvwps\/wp-content\/uploads\/2016\/10\/IMG_0758-100x75.jpg 100w, https:\/\/diariodevurgos.com\/dvwps\/wp-content\/uploads\/2016\/10\/IMG_0758-150x113.jpg 150w, https:\/\/diariodevurgos.com\/dvwps\/wp-content\/uploads\/2016\/10\/IMG_0758-200x150.jpg 200w, https:\/\/diariodevurgos.com\/dvwps\/wp-content\/uploads\/2016\/10\/IMG_0758-450x338.jpg 450w, https:\/\/diariodevurgos.com\/dvwps\/wp-content\/uploads\/2016\/10\/IMG_0758-600x450.jpg 600w, https:\/\/diariodevurgos.com\/dvwps\/wp-content\/uploads\/2016\/10\/IMG_0758-900x675.jpg 900w\" sizes=\"(max-width: 466px) 100vw, 466px\" \/><\/p>\n<p style=\"text-align: center;\">Representaci\u00f3n de <em>Pensamiento Impositiv<\/em>o de <a href=\"https:\/\/twitter.com\/DiariodeVurgos\/status\/747165013010432000\">Teatrer\u00ed\u00ada Denunica<\/a> en el CSR Gamonal<\/p>\n<p>A trav\u00e9s de la autogesti\u00f3n, el <strong>CSR Gamonal<\/strong> no s\u00f3lo ha revertido la situaci\u00f3n de amenaza de desalojo que, como una<em> espada de Damocles<\/em> pend\u00ed\u00ada sobre su cabeza, sino que ha demostrado que es posible llevar a cabo un proyecto social y pol\u00ed\u00adtico sin tutelas instruccionales o subvenciones envenenadas. La repetida alusi\u00f3n mitol\u00f3gica se ha convertido ya en motivo de chiste entre sus moradores que se preguntan cu\u00e1ndo al Damocles ese se le ocurrir\u00e1 aparecer por el barrio.<\/p>\n<p>Pero, evidentemente, el <strong>Centro Social Recuperado de Gamonal<\/strong> es consciente que la batalla a\u00fan no ha terminado y que la amenaza persiste. Con todo y con esas, a d\u00ed\u00ada de hoy es uno de los pocos espacios que ofrecen alternativas culturales y sociales en el barrio y est\u00e1 dispuesto a continuar existiendo pese a quien pese.<\/p>\n<p>En el CSR parece que lo tienen claro, si el fin del mundo llega, seguro que les pilla trabajando.<\/p>\n<p><strong>Modesto Agust\u00ed\u00ad<\/strong><\/p>\n","protected":false},"excerpt":{"rendered":"<p>Desde hace ya aproximadamente un a\u00f1o el Centro Social Recuperado de Gamonal se encuentra en situaci\u00f3n de amenaza de desalojo. Una situaci\u00f3n de excepcionalidad que, a fuerza de esperar un inminente cierre por parte de Fundaci\u00f3n Caja de Burgos, ha terminado por convertirse en se\u00f1a de normalidad para vecinos y usuarios habituales del espacio. La&#8230;  <a href=\"https:\/\/diariodevurgos.com\/dvwps\/la-batalla-por-la-defensa-del-centro-social-en-gamonal.php\" class=\"more-link\" title=\"Read La batalla por la defensa del centro social en Gamonal\">Read more &raquo;<\/a><\/p>\n","protected":false},"author":2,"featured_media":0,"comment_status":"open","ping_status":"closed","sticky":false,"template":"","format":"standard","meta":[],"categories":[2,78,27,49,77,7],"tags":[],"_links":{"self":[{"href":"https:\/\/diariodevurgos.com\/dvwps\/wp-json\/wp\/v2\/posts\/16878"}],"collection":[{"href":"https:\/\/diariodevurgos.com\/dvwps\/wp-json\/wp\/v2\/posts"}],"about":[{"href":"https:\/\/diariodevurgos.com\/dvwps\/wp-json\/wp\/v2\/types\/post"}],"author":[{"embeddable":true,"href":"https:\/\/diariodevurgos.com\/dvwps\/wp-json\/wp\/v2\/users\/2"}],"replies":[{"embeddable":true,"href":"https:\/\/diariodevurgos.com\/dvwps\/wp-json\/wp\/v2\/comments?post=16878"}],"version-history":[{"count":6,"href":"https:\/\/diariodevurgos.com\/dvwps\/wp-json\/wp\/v2\/posts\/16878\/revisions"}],"predecessor-version":[{"id":16888,"href":"https:\/\/diariodevurgos.com\/dvwps\/wp-json\/wp\/v2\/posts\/16878\/revisions\/16888"}],"wp:attachment":[{"href":"https:\/\/diariodevurgos.com\/dvwps\/wp-json\/wp\/v2\/media?parent=16878"}],"wp:term":[{"taxonomy":"category","embeddable":true,"href":"https:\/\/diariodevurgos.com\/dvwps\/wp-json\/wp\/v2\/categories?post=16878"},{"taxonomy":"post_tag","embeddable":true,"href":"https:\/\/diariodevurgos.com\/dvwps\/wp-json\/wp\/v2\/tags?post=16878"}],"curies":[{"name":"wp","href":"https:\/\/api.w.org\/{rel}","templated":true}]}}