{"id":16900,"date":"2016-10-12T07:52:32","date_gmt":"2016-10-12T06:52:32","guid":{"rendered":"http:\/\/diariodevurgos.com\/dvwps\/?p=16900"},"modified":"2016-10-12T07:52:32","modified_gmt":"2016-10-12T06:52:32","slug":"12-de-octubre-un-dia-de-sangre-y-dolor-por-que-seguir-celebrandolo","status":"publish","type":"post","link":"https:\/\/diariodevurgos.com\/dvwps\/12-de-octubre-un-dia-de-sangre-y-dolor-por-que-seguir-celebrandolo.php","title":{"rendered":"12 de octubre: un d\u00ed\u00ada de sangre y dolor. \u00bfPor qu\u00e9 seguir celebr\u00e1ndolo?"},"content":{"rendered":"<p class=\"lead\">Este mi\u00e9rcoles 12 de octubre, como tantos otros 12 de octubre, desde que en 1958 Franco lo decretara Fiesta Nacional, se conmemora el supuesto descubrimiento(1) de Am\u00e9rica.<\/p>\n<p style=\"text-align: center;\"><img loading=\"lazy\" class=\"aligncenter wp-image-16901\" src=\"http:\/\/diariodevurgos.com\/dvwps\/wp-content\/uploads\/2016\/10\/colonizacion2.jpg\" alt=\"colonizacion2\" width=\"398\" height=\"253\" srcset=\"https:\/\/diariodevurgos.com\/dvwps\/wp-content\/uploads\/2016\/10\/colonizacion2.jpg 554w, https:\/\/diariodevurgos.com\/dvwps\/wp-content\/uploads\/2016\/10\/colonizacion2-300x191.jpg 300w, https:\/\/diariodevurgos.com\/dvwps\/wp-content\/uploads\/2016\/10\/colonizacion2-100x64.jpg 100w, https:\/\/diariodevurgos.com\/dvwps\/wp-content\/uploads\/2016\/10\/colonizacion2-150x95.jpg 150w, https:\/\/diariodevurgos.com\/dvwps\/wp-content\/uploads\/2016\/10\/colonizacion2-200x127.jpg 200w, https:\/\/diariodevurgos.com\/dvwps\/wp-content\/uploads\/2016\/10\/colonizacion2-450x286.jpg 450w\" sizes=\"(max-width: 398px) 100vw, 398px\" \/><\/p>\n<p style=\"text-align: left;\">Pero m\u00e1s all\u00e1 de las amistosas palabras con las que nos han hecho tragar el dulce cuento de la llegada al Nuevo Continente, se esconde uno de los periodos hist\u00f3ricos m\u00e1s crueles e inhumanos, del cual Espa\u00f1a es tristemente protagonista.<!--more--><\/p>\n<p>Ese d\u00ed\u00ada, Europa descubri\u00f3 que hab\u00ed\u00ada otros mundos, otras gentes, otras culturas: descubri\u00f3 al Otro. Y lo que hizo con ese Otro fue verlo como un objeto, como algo que se puede utilizar, machacar, saquear, destruir. Se les quit\u00f3 su identidad de personas con la intenci\u00f3n de someter todos los recursos que encontraban a su paso, tanto humanos como naturales. Tomaron posesi\u00f3n de la tierra (de una tierra que no era de ellos, que no les pertenec\u00ed\u00ada) en nombre de la reci\u00e9n inaugurada Monarqu\u00ed\u00ada Hisp\u00e1nica y de Dios (su dios cristiano). Para las mujeres fue espacialmente duro ya que se produjo un entroncamiento entre los sistemas patriarcales ya instalados con el sistema patriarcal colonial, significando un sometimiento a\u00fan mayor de las mujeres ind\u00ed\u00adgenas.<\/p>\n<p>Para la historia lineal europea, ese d\u00ed\u00ada ha pasado a significar el inicio de la Modernidad; una Modernidad que se sustenta en una experiencia colectiva de dolor con miles de muertes, violaciones, y vejaciones; sustentada tambi\u00e9n en el expolio continuado de las riquezas naturales de esas tierras as\u00ed\u00ad como en una aniquilaci\u00f3n sistem\u00e1tica de los valores y s\u00ed\u00admbolos culturales de los pueblos originarios de Am\u00e9rica, tratando de ocultar(2) todo lo que all\u00ed\u00ad se encontraba antes de la invasi\u00f3n hisp\u00e1nica. En definitiva, un Modernidad basada en el proceso de colonizaci\u00f3n en beneficio del capital, el cual llega hasta nuestros d\u00ed\u00adas a trav\u00e9s de las grandes multinacionales extractivistas \u2013 Monsanto, Chevron, Repsol, etc.-, la deuda externa a dichos pa\u00ed\u00adses y la confecci\u00f3n de tratados internacionales como el TTIP que tratan de reforzar este sistema racista internacional.<\/p>\n<p style=\"text-align: center;\"><img loading=\"lazy\" class=\"aligncenter  wp-image-16903\" src=\"http:\/\/diariodevurgos.com\/dvwps\/wp-content\/uploads\/2016\/10\/Conquista.jpg\" alt=\"conquista\" width=\"557\" height=\"287\" srcset=\"https:\/\/diariodevurgos.com\/dvwps\/wp-content\/uploads\/2016\/10\/Conquista.jpg 960w, https:\/\/diariodevurgos.com\/dvwps\/wp-content\/uploads\/2016\/10\/Conquista-300x154.jpg 300w, https:\/\/diariodevurgos.com\/dvwps\/wp-content\/uploads\/2016\/10\/Conquista-768x395.jpg 768w, https:\/\/diariodevurgos.com\/dvwps\/wp-content\/uploads\/2016\/10\/Conquista-100x51.jpg 100w, https:\/\/diariodevurgos.com\/dvwps\/wp-content\/uploads\/2016\/10\/Conquista-150x77.jpg 150w, https:\/\/diariodevurgos.com\/dvwps\/wp-content\/uploads\/2016\/10\/Conquista-200x103.jpg 200w, https:\/\/diariodevurgos.com\/dvwps\/wp-content\/uploads\/2016\/10\/Conquista-450x232.jpg 450w, https:\/\/diariodevurgos.com\/dvwps\/wp-content\/uploads\/2016\/10\/Conquista-600x309.jpg 600w, https:\/\/diariodevurgos.com\/dvwps\/wp-content\/uploads\/2016\/10\/Conquista-900x463.jpg 900w\" sizes=\"(max-width: 557px) 100vw, 557px\" \/><\/p>\n<p>A pesar de conocer todo este trasfondo pol\u00ed\u00adtico se sigue defendiendo una fiesta nacional que exalta el odio hacia lo diferente, hacia aquello que no conocemos. \u00bfCu\u00e1nto m\u00e1s va a durar esta fiesta anacr\u00f3nica y sin sentido? \u00bfAlguien entender\u00ed\u00ada que Alemania celebrara su fiesta Nacional en relaci\u00f3n al genocidio nazi?<\/p>\n<p>La historia no se puede cambiar pero s\u00ed\u00ad superar, reconociendo lo ocurrido, lo que realmente fue: el inicio de un proceso de saqueo y de exterminio de los pueblos ind\u00ed\u00adgenas de Am\u00e9rica Latina. Desde ese reconocimiento y aceptaci\u00f3n, podremos imaginar un futuro en el que las diferencias culturales sean una riqueza en s\u00ed\u00ad mismas y no un motivo de violencia injustificado.<\/p>\n<p>Repensar el pasado desde una visi\u00f3n cr\u00ed\u00adtica se hace indispensable en estos tiempos donde la br\u00fajula de la humanidad pierde cada vez m\u00e1s el norte; s\u00f3lo tenemos que mirar hacia Siria para constatar el desastre civilizatorio al cual nos avocamos.<\/p>\n<p>Si seguimos festejando la supremac\u00ed\u00ada blanca, capitalista, eurocentrista, heteropatriarcal, pronto nos quedaremos sin mundos que descubrir&#8230;<\/p>\n<p>&#8212;&#8212;&#8212;&#8212;&#8212;&#8212;&#8212;&#8212;&#8212;&#8212;&#8212;&#8212;&#8212;&#8212;&#8212;&#8212;&#8212;&#8212;&#8212;&#8212;&#8212;&#8212;&#8212;&#8212;&#8212;&#8212;&#8212;&#8212;&#8212;&#8212;-<\/p>\n<p>(1)El Descubrimiento<br \/>\nEn 1492, los nativos descubrieron que eran indios,<br \/>\ndescubrieron que viv\u00ed\u00adan en Am\u00e9rica,<br \/>\ndescubrieron que estaban desnudos,<br \/>\ndescubrieron que exist\u00ed\u00ada el pecado,<br \/>\ndescubrieron que deb\u00ed\u00adan obediencia a un rey y a una reina<br \/>\nde otro mundo y a un dios de otro cielo,<br \/>\ny que ese dios hab\u00ed\u00ada inventado la culpa y el vestido<br \/>\ny hab\u00ed\u00ada mandado que fuera quemado vivo quien adorara<br \/>\nal sol y a la luna<br \/>\ny a la tierra<br \/>\ny a la lluvia que la moja.<br \/>\nEduardo Galeano, &#8220;los Hijos de los d\u00ed\u00adas&#8221;\u009d<\/p>\n<p>(2) Dussel, Enrique. El encubrimiento del Otro.<\/p>\n","protected":false},"excerpt":{"rendered":"<p>Este mi\u00e9rcoles 12 de octubre, como tantos otros 12 de octubre, desde que en 1958 Franco lo decretara Fiesta Nacional, se conmemora el supuesto descubrimiento(1) de Am\u00e9rica. Pero m\u00e1s all\u00e1 de las amistosas palabras con las que nos han hecho tragar el dulce cuento de la llegada al Nuevo Continente, se esconde uno de los&#8230;  <a href=\"https:\/\/diariodevurgos.com\/dvwps\/12-de-octubre-un-dia-de-sangre-y-dolor-por-que-seguir-celebrandolo.php\" class=\"more-link\" title=\"Read 12 de octubre: un d\u00ed\u00ada de sangre y dolor. \u00bfPor qu\u00e9 seguir celebr\u00e1ndolo?\">Read more &raquo;<\/a><\/p>\n","protected":false},"author":2,"featured_media":0,"comment_status":"open","ping_status":"closed","sticky":false,"template":"","format":"standard","meta":[],"categories":[77,79,7],"tags":[],"_links":{"self":[{"href":"https:\/\/diariodevurgos.com\/dvwps\/wp-json\/wp\/v2\/posts\/16900"}],"collection":[{"href":"https:\/\/diariodevurgos.com\/dvwps\/wp-json\/wp\/v2\/posts"}],"about":[{"href":"https:\/\/diariodevurgos.com\/dvwps\/wp-json\/wp\/v2\/types\/post"}],"author":[{"embeddable":true,"href":"https:\/\/diariodevurgos.com\/dvwps\/wp-json\/wp\/v2\/users\/2"}],"replies":[{"embeddable":true,"href":"https:\/\/diariodevurgos.com\/dvwps\/wp-json\/wp\/v2\/comments?post=16900"}],"version-history":[{"count":1,"href":"https:\/\/diariodevurgos.com\/dvwps\/wp-json\/wp\/v2\/posts\/16900\/revisions"}],"predecessor-version":[{"id":16904,"href":"https:\/\/diariodevurgos.com\/dvwps\/wp-json\/wp\/v2\/posts\/16900\/revisions\/16904"}],"wp:attachment":[{"href":"https:\/\/diariodevurgos.com\/dvwps\/wp-json\/wp\/v2\/media?parent=16900"}],"wp:term":[{"taxonomy":"category","embeddable":true,"href":"https:\/\/diariodevurgos.com\/dvwps\/wp-json\/wp\/v2\/categories?post=16900"},{"taxonomy":"post_tag","embeddable":true,"href":"https:\/\/diariodevurgos.com\/dvwps\/wp-json\/wp\/v2\/tags?post=16900"}],"curies":[{"name":"wp","href":"https:\/\/api.w.org\/{rel}","templated":true}]}}