{"id":16909,"date":"2016-10-13T08:06:59","date_gmt":"2016-10-13T07:06:59","guid":{"rendered":"http:\/\/diariodevurgos.com\/dvwps\/?p=16909"},"modified":"2016-10-12T18:17:09","modified_gmt":"2016-10-12T17:17:09","slug":"entrevista-al-fotografo-ignacio-palma-autor-de-ruta-burgalesa-del-franquismo","status":"publish","type":"post","link":"https:\/\/diariodevurgos.com\/dvwps\/entrevista-al-fotografo-ignacio-palma-autor-de-ruta-burgalesa-del-franquismo.php","title":{"rendered":"Entrevista al fot\u00f3grafo Ignacio Palma, autor de &#8220;Ruta burgalesa del franquismo&#8221;\u009d"},"content":{"rendered":"<p class=\"lead\"><a href=\"http:\/\/correo68.wixsite.com\/photography\/franquismo\"><em>Ruta burgalesa del franquismo<\/em><\/a> es un proyecto en el que se nos invita a realizar un recorrido por los lugares m\u00e1s oscuros de la historia de Burgos, aquellos que vinculan nuestra ciudad con la <a href=\"http:\/\/diariodevurgos.com\/dvwps\/burgos-capital-de-la-cruzada-o-la-dificil-tarea-del-investigador.php\">&#8220;Capital de la Cruzada&#8221;\u009d<\/a>. De esta manera, a trav\u00e9s de una misma toma fotogr\u00e1fica se conjugan diversas escenas del pasado y del presente representadas en un mismo espacio urbano. Instant\u00e1neas que nos hablan de la linealidad del tiempo en nuestro espacio f\u00ed\u00adsico m\u00e1s cercano y la necesidad de superar las asignaturas pendientes en cuanto a la recuperaci\u00f3n de la memoria hist\u00f3rica se trata.<\/p>\n<p style=\"text-align: center;\"><img loading=\"lazy\" class=\"aligncenter  wp-image-16910\" src=\"http:\/\/diariodevurgos.com\/dvwps\/wp-content\/uploads\/2016\/10\/Plaza-del-Rey-San-Fernando.jpg\" alt=\"plaza-del-rey-san-fernando\" width=\"481\" height=\"330\" srcset=\"https:\/\/diariodevurgos.com\/dvwps\/wp-content\/uploads\/2016\/10\/Plaza-del-Rey-San-Fernando.jpg 565w, https:\/\/diariodevurgos.com\/dvwps\/wp-content\/uploads\/2016\/10\/Plaza-del-Rey-San-Fernando-300x206.jpg 300w, https:\/\/diariodevurgos.com\/dvwps\/wp-content\/uploads\/2016\/10\/Plaza-del-Rey-San-Fernando-100x69.jpg 100w, https:\/\/diariodevurgos.com\/dvwps\/wp-content\/uploads\/2016\/10\/Plaza-del-Rey-San-Fernando-150x103.jpg 150w, https:\/\/diariodevurgos.com\/dvwps\/wp-content\/uploads\/2016\/10\/Plaza-del-Rey-San-Fernando-200x137.jpg 200w, https:\/\/diariodevurgos.com\/dvwps\/wp-content\/uploads\/2016\/10\/Plaza-del-Rey-San-Fernando-450x309.jpg 450w\" sizes=\"(max-width: 481px) 100vw, 481px\" \/><\/p>\n<p><strong>Radio Onda Expansiva<\/strong> ha tenido ocasi\u00f3n <a href=\"http:\/\/ondaexpansiva.net\/viaje-por-la-ruta-burgalesa-del-franquismo\/\">de entrevistar al fot\u00f3grafo Ignacio Palma, autor de &#8220;Ruta burgalesa del franquismo&#8221;\u009d,<\/a> con quien los oyentes del radio-blog tendr\u00e1n la oportunidad de conocer m\u00e1s en profundidad este interesante proyecto donde se combinan imagen y memoria.<\/p>\n","protected":false},"excerpt":{"rendered":"<p>Ruta burgalesa del franquismo es un proyecto en el que se nos invita a realizar un recorrido por los lugares m\u00e1s oscuros de la historia de Burgos, aquellos que vinculan nuestra ciudad con la &#8220;Capital de la Cruzada&#8221;\u009d. De esta manera, a trav\u00e9s de una misma toma fotogr\u00e1fica se conjugan diversas escenas del pasado y&#8230;  <a href=\"https:\/\/diariodevurgos.com\/dvwps\/entrevista-al-fotografo-ignacio-palma-autor-de-ruta-burgalesa-del-franquismo.php\" class=\"more-link\" title=\"Read Entrevista al fot\u00f3grafo Ignacio Palma, autor de &#8220;Ruta burgalesa del franquismo&#8221;\u009d\">Read more &raquo;<\/a><\/p>\n","protected":false},"author":2,"featured_media":0,"comment_status":"open","ping_status":"closed","sticky":false,"template":"","format":"standard","meta":[],"categories":[2,26,6,71,8,23],"tags":[],"_links":{"self":[{"href":"https:\/\/diariodevurgos.com\/dvwps\/wp-json\/wp\/v2\/posts\/16909"}],"collection":[{"href":"https:\/\/diariodevurgos.com\/dvwps\/wp-json\/wp\/v2\/posts"}],"about":[{"href":"https:\/\/diariodevurgos.com\/dvwps\/wp-json\/wp\/v2\/types\/post"}],"author":[{"embeddable":true,"href":"https:\/\/diariodevurgos.com\/dvwps\/wp-json\/wp\/v2\/users\/2"}],"replies":[{"embeddable":true,"href":"https:\/\/diariodevurgos.com\/dvwps\/wp-json\/wp\/v2\/comments?post=16909"}],"version-history":[{"count":1,"href":"https:\/\/diariodevurgos.com\/dvwps\/wp-json\/wp\/v2\/posts\/16909\/revisions"}],"predecessor-version":[{"id":16911,"href":"https:\/\/diariodevurgos.com\/dvwps\/wp-json\/wp\/v2\/posts\/16909\/revisions\/16911"}],"wp:attachment":[{"href":"https:\/\/diariodevurgos.com\/dvwps\/wp-json\/wp\/v2\/media?parent=16909"}],"wp:term":[{"taxonomy":"category","embeddable":true,"href":"https:\/\/diariodevurgos.com\/dvwps\/wp-json\/wp\/v2\/categories?post=16909"},{"taxonomy":"post_tag","embeddable":true,"href":"https:\/\/diariodevurgos.com\/dvwps\/wp-json\/wp\/v2\/tags?post=16909"}],"curies":[{"name":"wp","href":"https:\/\/api.w.org\/{rel}","templated":true}]}}