{"id":16987,"date":"2016-11-02T17:37:44","date_gmt":"2016-11-02T16:37:44","guid":{"rendered":"http:\/\/diariodevurgos.com\/dvwps\/?p=16987"},"modified":"2016-11-02T17:39:24","modified_gmt":"2016-11-02T16:39:24","slug":"actos-en-solidaridad-con-los-encausados-de-gamonal-y-de-la-asamblea-contra-la-especulacion","status":"publish","type":"post","link":"https:\/\/diariodevurgos.com\/dvwps\/actos-en-solidaridad-con-los-encausados-de-gamonal-y-de-la-asamblea-contra-la-especulacion.php","title":{"rendered":"Actos en solidaridad con los encausados de Gamonal y de la Asamblea contra la Especulaci\u00f3n"},"content":{"rendered":"<p class=\"lead\">Durante los pr\u00f3ximos <strong>4 y 5 de noviembre<\/strong> se han programado diversas iniciativas en solidaridad con los encausados de las diversas luchas que se vivieron en 2014 que a\u00fan permanecen a la espera de juicio. El<strong> viernes 4 de noviembre<\/strong> a partir de las<strong> 20:00 horas<\/strong> la <a href=\"https:\/\/gamonalniunpasoatras.wordpress.com\/\">Asamblea de Gamonal<\/a> junto con el<strong> Ateneo Popular &#8220;Los Otros&#8221;\u009d<\/strong> organizan un concierto con el cantautor <strong>Rafael Amor<\/strong>, que ya estuvo presente en el barrio tiempo atr\u00e1s. La actuaci\u00f3n ser\u00e1 en la Casa de la Cultura de Gamonal y se ha estipulado un donativo de 3 euros que ira destinado a los encausados tras el conflicto vivido en el barrio.<\/p>\n<img loading=\"lazy\" class=\"aligncenter  wp-image-16988\" src=\"http:\/\/diariodevurgos.com\/dvwps\/wp-content\/uploads\/2016\/11\/cartel-4N.jpg\" alt=\"cartel-4n\" width=\"283\" height=\"434\" srcset=\"https:\/\/diariodevurgos.com\/dvwps\/wp-content\/uploads\/2016\/11\/cartel-4N.jpg 1044w, https:\/\/diariodevurgos.com\/dvwps\/wp-content\/uploads\/2016\/11\/cartel-4N-196x300.jpg 196w, https:\/\/diariodevurgos.com\/dvwps\/wp-content\/uploads\/2016\/11\/cartel-4N-768x1177.jpg 768w, https:\/\/diariodevurgos.com\/dvwps\/wp-content\/uploads\/2016\/11\/cartel-4N-668x1024.jpg 668w, https:\/\/diariodevurgos.com\/dvwps\/wp-content\/uploads\/2016\/11\/cartel-4N-100x153.jpg 100w, https:\/\/diariodevurgos.com\/dvwps\/wp-content\/uploads\/2016\/11\/cartel-4N-150x230.jpg 150w, https:\/\/diariodevurgos.com\/dvwps\/wp-content\/uploads\/2016\/11\/cartel-4N-200x307.jpg 200w, https:\/\/diariodevurgos.com\/dvwps\/wp-content\/uploads\/2016\/11\/cartel-4N-300x460.jpg 300w, https:\/\/diariodevurgos.com\/dvwps\/wp-content\/uploads\/2016\/11\/cartel-4N-450x690.jpg 450w, https:\/\/diariodevurgos.com\/dvwps\/wp-content\/uploads\/2016\/11\/cartel-4N-600x920.jpg 600w, https:\/\/diariodevurgos.com\/dvwps\/wp-content\/uploads\/2016\/11\/cartel-4N-900x1379.jpg 900w\" sizes=\"(max-width: 283px) 100vw, 283px\" \/>\n<p>Por su parte, el <strong>s\u00e1bado 5 de noviembre<\/strong> el <a href=\"http:\/\/www.espaciotangente.net\/\">Espacio Tangente <\/a>ser\u00e1 el escenario de una jornada en solidaridad con los encausados, no s\u00f3lo de Gamonal, sino tambi\u00e9n de aquellas personas sancionadas tras las luchas contra la remodelaci\u00f3n de la Plaza de Toros de Burgos. La iniciativa se desarrollar\u00e1 desde las <strong>12.00 hasta las 20:30 horas<\/strong> y contar\u00e1 con diversas actuaciones musicales y art\u00ed\u00adsticas, adem\u00e1s de una comida solidaria. Para informaci\u00f3n m\u00e1s detallada consultar la web de la<a href=\"https:\/\/gamonalniunpasoatras.wordpress.com\/2016\/10\/24\/diadelasbibliotecas-mas-actos-solidarias-con-encausadas-barriodegamonal-y-asamblea-contra-especulacion\/\"> Asamblea de Gamonal.<\/a><\/p>\n<p style=\"text-align: center;\"><img loading=\"lazy\" class=\"aligncenter  wp-image-16989\" src=\"http:\/\/diariodevurgos.com\/dvwps\/wp-content\/uploads\/2016\/11\/cartel-5N.jpg\" alt=\"cartel-5n\" width=\"283\" height=\"401\" srcset=\"https:\/\/diariodevurgos.com\/dvwps\/wp-content\/uploads\/2016\/11\/cartel-5N.jpg 886w, https:\/\/diariodevurgos.com\/dvwps\/wp-content\/uploads\/2016\/11\/cartel-5N-211x300.jpg 211w, https:\/\/diariodevurgos.com\/dvwps\/wp-content\/uploads\/2016\/11\/cartel-5N-768x1090.jpg 768w, https:\/\/diariodevurgos.com\/dvwps\/wp-content\/uploads\/2016\/11\/cartel-5N-722x1024.jpg 722w, https:\/\/diariodevurgos.com\/dvwps\/wp-content\/uploads\/2016\/11\/cartel-5N-100x142.jpg 100w, https:\/\/diariodevurgos.com\/dvwps\/wp-content\/uploads\/2016\/11\/cartel-5N-150x213.jpg 150w, https:\/\/diariodevurgos.com\/dvwps\/wp-content\/uploads\/2016\/11\/cartel-5N-200x284.jpg 200w, https:\/\/diariodevurgos.com\/dvwps\/wp-content\/uploads\/2016\/11\/cartel-5N-300x426.jpg 300w, https:\/\/diariodevurgos.com\/dvwps\/wp-content\/uploads\/2016\/11\/cartel-5N-450x638.jpg 450w, https:\/\/diariodevurgos.com\/dvwps\/wp-content\/uploads\/2016\/11\/cartel-5N-600x851.jpg 600w\" sizes=\"(max-width: 283px) 100vw, 283px\" \/><\/p>\n","protected":false},"excerpt":{"rendered":"<p>Durante los pr\u00f3ximos 4 y 5 de noviembre se han programado diversas iniciativas en solidaridad con los encausados de las diversas luchas que se vivieron en 2014 que a\u00fan permanecen a la espera de juicio. El viernes 4 de noviembre a partir de las 20:00 horas la Asamblea de Gamonal junto con el Ateneo Popular&#8230;  <a href=\"https:\/\/diariodevurgos.com\/dvwps\/actos-en-solidaridad-con-los-encausados-de-gamonal-y-de-la-asamblea-contra-la-especulacion.php\" class=\"more-link\" title=\"Read Actos en solidaridad con los encausados de Gamonal y de la Asamblea contra la Especulaci\u00f3n\">Read more &raquo;<\/a><\/p>\n","protected":false},"author":2,"featured_media":0,"comment_status":"open","ping_status":"closed","sticky":false,"template":"","format":"standard","meta":[],"categories":[75,2,57,27,49,16],"tags":[],"_links":{"self":[{"href":"https:\/\/diariodevurgos.com\/dvwps\/wp-json\/wp\/v2\/posts\/16987"}],"collection":[{"href":"https:\/\/diariodevurgos.com\/dvwps\/wp-json\/wp\/v2\/posts"}],"about":[{"href":"https:\/\/diariodevurgos.com\/dvwps\/wp-json\/wp\/v2\/types\/post"}],"author":[{"embeddable":true,"href":"https:\/\/diariodevurgos.com\/dvwps\/wp-json\/wp\/v2\/users\/2"}],"replies":[{"embeddable":true,"href":"https:\/\/diariodevurgos.com\/dvwps\/wp-json\/wp\/v2\/comments?post=16987"}],"version-history":[{"count":3,"href":"https:\/\/diariodevurgos.com\/dvwps\/wp-json\/wp\/v2\/posts\/16987\/revisions"}],"predecessor-version":[{"id":16992,"href":"https:\/\/diariodevurgos.com\/dvwps\/wp-json\/wp\/v2\/posts\/16987\/revisions\/16992"}],"wp:attachment":[{"href":"https:\/\/diariodevurgos.com\/dvwps\/wp-json\/wp\/v2\/media?parent=16987"}],"wp:term":[{"taxonomy":"category","embeddable":true,"href":"https:\/\/diariodevurgos.com\/dvwps\/wp-json\/wp\/v2\/categories?post=16987"},{"taxonomy":"post_tag","embeddable":true,"href":"https:\/\/diariodevurgos.com\/dvwps\/wp-json\/wp\/v2\/tags?post=16987"}],"curies":[{"name":"wp","href":"https:\/\/api.w.org\/{rel}","templated":true}]}}