{"id":17013,"date":"2016-11-08T16:18:37","date_gmt":"2016-11-08T15:18:37","guid":{"rendered":"http:\/\/diariodevurgos.com\/dvwps\/?p=17013"},"modified":"2016-11-09T16:18:51","modified_gmt":"2016-11-09T15:18:51","slug":"condenadas-las-15-imputadas-de-nais-contra-a-impunidade","status":"publish","type":"post","link":"https:\/\/diariodevurgos.com\/dvwps\/condenadas-las-15-imputadas-de-nais-contra-a-impunidade.php","title":{"rendered":"Condenadas las 15 imputadas de &#8220;Nais contra a impunidade&#8221;"},"content":{"rendered":"<p class=\"lead\">Condenadas las 15 imputadas de Nais contra a impunidade a 6 meses de pago diario de 4\u00e2\u201a\u00ac m\u00e1s las costas del juicio. Presuntamente por gritar que la guardia civil TORTURA Y ASESINA en una concentraci\u00f3n donde se exige el esclarecimiento de Diego Vi\u00f1a muerto en los calabozos del cuartel de la Guardia Civil de Arteixo (A Coru\u00f1a). Hay personas no dispuestas a pagar y a continuar el acto de duelo en el que reconozcan que bajo la custodia de una detenci\u00f3n ilegal torturaron y asesinaron a Diego.<\/p>\n<p style=\"text-align: center;\"><img loading=\"lazy\" class=\"aligncenter wp-image-17014\" src=\"http:\/\/diariodevurgos.com\/dvwps\/wp-content\/uploads\/2016\/11\/naiscontraimpunidades-1024x769.jpg\" alt=\"naiscontraimpunidades-1024x769\" width=\"454\" height=\"341\" srcset=\"https:\/\/diariodevurgos.com\/dvwps\/wp-content\/uploads\/2016\/11\/naiscontraimpunidades-1024x769.jpg 1024w, https:\/\/diariodevurgos.com\/dvwps\/wp-content\/uploads\/2016\/11\/naiscontraimpunidades-1024x769-300x225.jpg 300w, https:\/\/diariodevurgos.com\/dvwps\/wp-content\/uploads\/2016\/11\/naiscontraimpunidades-1024x769-768x577.jpg 768w, https:\/\/diariodevurgos.com\/dvwps\/wp-content\/uploads\/2016\/11\/naiscontraimpunidades-1024x769-100x75.jpg 100w, https:\/\/diariodevurgos.com\/dvwps\/wp-content\/uploads\/2016\/11\/naiscontraimpunidades-1024x769-150x113.jpg 150w, https:\/\/diariodevurgos.com\/dvwps\/wp-content\/uploads\/2016\/11\/naiscontraimpunidades-1024x769-200x150.jpg 200w, https:\/\/diariodevurgos.com\/dvwps\/wp-content\/uploads\/2016\/11\/naiscontraimpunidades-1024x769-450x338.jpg 450w, https:\/\/diariodevurgos.com\/dvwps\/wp-content\/uploads\/2016\/11\/naiscontraimpunidades-1024x769-600x451.jpg 600w, https:\/\/diariodevurgos.com\/dvwps\/wp-content\/uploads\/2016\/11\/naiscontraimpunidades-1024x769-900x676.jpg 900w\" sizes=\"(max-width: 454px) 100vw, 454px\" \/><\/p>\n<p>Si estas interesado en colaborar economicamente solicita al mail: <strong>xosetarrio@naiscontraimpunidade.org<\/strong> el libro <em>Huye, hombre huye<\/em> de Xose Tarrio por el coste de 10\u00e2\u201a\u00ac(sin costes de env\u00ed\u00ado a partir de pedidos de 10 ejemplares) el dinero va destinado a las Nais y el libro es una herramienta de denuncia contra los Ficheros de Especial Seguimiento F.I.E.S. y el reflejo de fugas y combate en las c\u00e1rceles del Estado Espa\u00f1ol. Pues abogados y procuradores, local de asesoramiento jur\u00ed\u00addico penal, tienen sus gastos econ\u00f3micos. Apoya y Difunde.<\/p>\n","protected":false},"excerpt":{"rendered":"<p>Condenadas las 15 imputadas de Nais contra a impunidade a 6 meses de pago diario de 4\u00e2\u201a\u00ac m\u00e1s las costas del juicio. Presuntamente por gritar que la guardia civil TORTURA Y ASESINA en una concentraci\u00f3n donde se exige el esclarecimiento de Diego Vi\u00f1a muerto en los calabozos del cuartel de la Guardia Civil de Arteixo&#8230;  <a href=\"https:\/\/diariodevurgos.com\/dvwps\/condenadas-las-15-imputadas-de-nais-contra-a-impunidade.php\" class=\"more-link\" title=\"Read Condenadas las 15 imputadas de &#8220;Nais contra a impunidade&#8221;\">Read more &raquo;<\/a><\/p>\n","protected":false},"author":2,"featured_media":0,"comment_status":"open","ping_status":"closed","sticky":false,"template":"","format":"standard","meta":[],"categories":[22,17],"tags":[],"_links":{"self":[{"href":"https:\/\/diariodevurgos.com\/dvwps\/wp-json\/wp\/v2\/posts\/17013"}],"collection":[{"href":"https:\/\/diariodevurgos.com\/dvwps\/wp-json\/wp\/v2\/posts"}],"about":[{"href":"https:\/\/diariodevurgos.com\/dvwps\/wp-json\/wp\/v2\/types\/post"}],"author":[{"embeddable":true,"href":"https:\/\/diariodevurgos.com\/dvwps\/wp-json\/wp\/v2\/users\/2"}],"replies":[{"embeddable":true,"href":"https:\/\/diariodevurgos.com\/dvwps\/wp-json\/wp\/v2\/comments?post=17013"}],"version-history":[{"count":1,"href":"https:\/\/diariodevurgos.com\/dvwps\/wp-json\/wp\/v2\/posts\/17013\/revisions"}],"predecessor-version":[{"id":17015,"href":"https:\/\/diariodevurgos.com\/dvwps\/wp-json\/wp\/v2\/posts\/17013\/revisions\/17015"}],"wp:attachment":[{"href":"https:\/\/diariodevurgos.com\/dvwps\/wp-json\/wp\/v2\/media?parent=17013"}],"wp:term":[{"taxonomy":"category","embeddable":true,"href":"https:\/\/diariodevurgos.com\/dvwps\/wp-json\/wp\/v2\/categories?post=17013"},{"taxonomy":"post_tag","embeddable":true,"href":"https:\/\/diariodevurgos.com\/dvwps\/wp-json\/wp\/v2\/tags?post=17013"}],"curies":[{"name":"wp","href":"https:\/\/api.w.org\/{rel}","templated":true}]}}