{"id":17039,"date":"2016-11-11T08:25:46","date_gmt":"2016-11-11T07:25:46","guid":{"rendered":"http:\/\/diariodevurgos.com\/dvwps\/?p=17039"},"modified":"2016-11-11T08:25:46","modified_gmt":"2016-11-11T07:25:46","slug":"taller-de-autogestion-de-la-salud","status":"publish","type":"post","link":"https:\/\/diariodevurgos.com\/dvwps\/taller-de-autogestion-de-la-salud.php","title":{"rendered":"Taller de Autogesti\u00f3n de la Salud"},"content":{"rendered":"<p class=\"lead\">Ya ha llegado esa fecha que muchas est\u00e1bamos esperando&#8230;.este <strong>s\u00e1bado 12 de noviembre<\/strong> el <strong>Grupo de Autogestion de la Salud<\/strong> volvemos a juntarnos. Ser\u00e1 a las<strong> 11:00 horas<\/strong> en la <strong>Biblioteca La Maldita<\/strong>. Mientras aprendemos a hacer jabon de Lavanda y aceite de hip\u00e9rico en caliente, nos gustar\u00ed\u00ada hablar y compartir saberes sobre lo que es la Fibromialgia y los tratamientos naturales que, en cierta medida, pueden paliar o rebajar los efectos nocivos de la quimioterapia y radioterapia. Pasate a disfrutar con nosotras. Porque compartir es vivir y m\u00e1s cuando hablamos de salud.<\/p>\n<p style=\"text-align: center;\"><img loading=\"lazy\" class=\"aligncenter  wp-image-17040\" src=\"http:\/\/diariodevurgos.com\/dvwps\/wp-content\/uploads\/2016\/11\/Autogesti\u00f3n-de-la-salud.png\" alt=\"autogestion-de-la-salud\" width=\"425\" height=\"323\" srcset=\"https:\/\/diariodevurgos.com\/dvwps\/wp-content\/uploads\/2016\/11\/Autogesti\u00f3n-de-la-salud.png 563w, https:\/\/diariodevurgos.com\/dvwps\/wp-content\/uploads\/2016\/11\/Autogesti\u00f3n-de-la-salud-300x228.png 300w, https:\/\/diariodevurgos.com\/dvwps\/wp-content\/uploads\/2016\/11\/Autogesti\u00f3n-de-la-salud-100x76.png 100w, https:\/\/diariodevurgos.com\/dvwps\/wp-content\/uploads\/2016\/11\/Autogesti\u00f3n-de-la-salud-150x114.png 150w, https:\/\/diariodevurgos.com\/dvwps\/wp-content\/uploads\/2016\/11\/Autogesti\u00f3n-de-la-salud-200x152.png 200w, https:\/\/diariodevurgos.com\/dvwps\/wp-content\/uploads\/2016\/11\/Autogesti\u00f3n-de-la-salud-450x342.png 450w\" sizes=\"(max-width: 425px) 100vw, 425px\" \/><\/p>\n<p>&nbsp;<\/p>\n","protected":false},"excerpt":{"rendered":"<p>Ya ha llegado esa fecha que muchas est\u00e1bamos esperando&#8230;.este s\u00e1bado 12 de noviembre el Grupo de Autogestion de la Salud volvemos a juntarnos. Ser\u00e1 a las 11:00 horas en la Biblioteca La Maldita. Mientras aprendemos a hacer jabon de Lavanda y aceite de hip\u00e9rico en caliente, nos gustar\u00ed\u00ada hablar y compartir saberes sobre lo que&#8230;  <a href=\"https:\/\/diariodevurgos.com\/dvwps\/taller-de-autogestion-de-la-salud.php\" class=\"more-link\" title=\"Read Taller de Autogesti\u00f3n de la Salud\">Read more &raquo;<\/a><\/p>\n","protected":false},"author":2,"featured_media":0,"comment_status":"open","ping_status":"closed","sticky":false,"template":"","format":"standard","meta":[],"categories":[61,74,57,27,47],"tags":[],"_links":{"self":[{"href":"https:\/\/diariodevurgos.com\/dvwps\/wp-json\/wp\/v2\/posts\/17039"}],"collection":[{"href":"https:\/\/diariodevurgos.com\/dvwps\/wp-json\/wp\/v2\/posts"}],"about":[{"href":"https:\/\/diariodevurgos.com\/dvwps\/wp-json\/wp\/v2\/types\/post"}],"author":[{"embeddable":true,"href":"https:\/\/diariodevurgos.com\/dvwps\/wp-json\/wp\/v2\/users\/2"}],"replies":[{"embeddable":true,"href":"https:\/\/diariodevurgos.com\/dvwps\/wp-json\/wp\/v2\/comments?post=17039"}],"version-history":[{"count":1,"href":"https:\/\/diariodevurgos.com\/dvwps\/wp-json\/wp\/v2\/posts\/17039\/revisions"}],"predecessor-version":[{"id":17041,"href":"https:\/\/diariodevurgos.com\/dvwps\/wp-json\/wp\/v2\/posts\/17039\/revisions\/17041"}],"wp:attachment":[{"href":"https:\/\/diariodevurgos.com\/dvwps\/wp-json\/wp\/v2\/media?parent=17039"}],"wp:term":[{"taxonomy":"category","embeddable":true,"href":"https:\/\/diariodevurgos.com\/dvwps\/wp-json\/wp\/v2\/categories?post=17039"},{"taxonomy":"post_tag","embeddable":true,"href":"https:\/\/diariodevurgos.com\/dvwps\/wp-json\/wp\/v2\/tags?post=17039"}],"curies":[{"name":"wp","href":"https:\/\/api.w.org\/{rel}","templated":true}]}}