{"id":1707,"date":"2008-07-30T19:20:46","date_gmt":"2008-07-30T18:20:46","guid":{"rendered":"http:\/\/diariodevurgos.com\/dvwps\/capitania-ensangrentada.php"},"modified":"2008-07-30T20:39:52","modified_gmt":"2008-07-30T19:39:52","slug":"capitania-ensangrentada","status":"publish","type":"post","link":"https:\/\/diariodevurgos.com\/dvwps\/capitania-ensangrentada.php","title":{"rendered":"Capitan\u00ed\u00ada ensangrentada"},"content":{"rendered":"<p class=\"lead\">Esta ma\u00f1ana la fachada principal de Capitan\u00ed\u00ada aparec\u00ed\u00ada manchada de pintura roja. Parece ser que despu\u00e9s de cuarenta a\u00f1os de dictadura y treinta de losa democr\u00e1tica, despu\u00e9s del asesinato, exilio, presidio, marginaci\u00f3n, persecuci\u00f3n de miles de personas, sigue habiendo gente que lucha contra la opresi\u00f3n y el poder\u00a0en las diferentes caretas que ha utilizado\u00a0a lo largo de los\u00a0a\u00f1os.<\/p>\n<p align=\"center\"><img loading=\"lazy\" src=\"http:\/\/diariodevurgos.com\/dvwps\/wp-content\/uploads\/2008\/07\/cuatro.JPG\" id=\"image1705\" style=\"height: 305px\" height=\"305\" alt=\"cuatro.JPG\" width=\"365\" \/><\/p>\n<p><!--more--><\/p>\n<p align=\"center\"><img loading=\"lazy\" src=\"http:\/\/diariodevurgos.com\/dvwps\/wp-content\/uploads\/2008\/07\/seis.JPG\" id=\"image1706\" style=\"height: 418px\" height=\"418\" alt=\"seis.JPG\" width=\"278\" \/><\/p>\n<p align=\"center\"><img loading=\"lazy\" src=\"http:\/\/diariodevurgos.com\/dvwps\/wp-content\/uploads\/2008\/07\/tres2.JPG\" id=\"image1704\" style=\"height: 426px\" height=\"426\" alt=\"tres2.JPG\" width=\"276\" \/><\/p>\n<p align=\"center\"><img loading=\"lazy\" src=\"http:\/\/diariodevurgos.com\/dvwps\/wp-content\/uploads\/2008\/07\/dos1.JPG\" id=\"image1703\" style=\"height: 284px\" height=\"284\" alt=\"dos1.JPG\" width=\"401\" \/><\/p>\n<p align=\"center\"><img loading=\"lazy\" src=\"http:\/\/diariodevurgos.com\/dvwps\/wp-content\/uploads\/2008\/07\/uno1.JPG\" id=\"image1702\" style=\"height: 330px\" height=\"330\" alt=\"uno1.JPG\" width=\"401\" \/><\/p>\n<p align=\"center\"><img loading=\"lazy\" src=\"http:\/\/diariodevurgos.com\/dvwps\/wp-content\/uploads\/2008\/07\/cinco.JPG\" id=\"image1701\" style=\"height: 288px\" height=\"288\" alt=\"cinco.JPG\" width=\"402\" \/><\/p>\n","protected":false},"excerpt":{"rendered":"<p>Esta ma\u00f1ana la fachada principal de Capitan\u00ed\u00ada aparec\u00ed\u00ada manchada de pintura roja. Parece ser que despu\u00e9s de cuarenta a\u00f1os de dictadura y treinta de losa democr\u00e1tica, despu\u00e9s del asesinato, exilio, presidio, marginaci\u00f3n, persecuci\u00f3n de miles de personas, sigue habiendo gente que lucha contra la opresi\u00f3n y el poder\u00a0en las diferentes caretas que ha utilizado\u00a0a lo&#8230;  <a href=\"https:\/\/diariodevurgos.com\/dvwps\/capitania-ensangrentada.php\" class=\"more-link\" title=\"Read Capitan\u00ed\u00ada ensangrentada\">Read more &raquo;<\/a><\/p>\n","protected":false},"author":13,"featured_media":0,"comment_status":"open","ping_status":"closed","sticky":false,"template":"","format":"standard","meta":[],"categories":[31,2,17],"tags":[],"_links":{"self":[{"href":"https:\/\/diariodevurgos.com\/dvwps\/wp-json\/wp\/v2\/posts\/1707"}],"collection":[{"href":"https:\/\/diariodevurgos.com\/dvwps\/wp-json\/wp\/v2\/posts"}],"about":[{"href":"https:\/\/diariodevurgos.com\/dvwps\/wp-json\/wp\/v2\/types\/post"}],"author":[{"embeddable":true,"href":"https:\/\/diariodevurgos.com\/dvwps\/wp-json\/wp\/v2\/users\/13"}],"replies":[{"embeddable":true,"href":"https:\/\/diariodevurgos.com\/dvwps\/wp-json\/wp\/v2\/comments?post=1707"}],"version-history":[{"count":1,"href":"https:\/\/diariodevurgos.com\/dvwps\/wp-json\/wp\/v2\/posts\/1707\/revisions"}],"predecessor-version":[{"id":9238,"href":"https:\/\/diariodevurgos.com\/dvwps\/wp-json\/wp\/v2\/posts\/1707\/revisions\/9238"}],"wp:attachment":[{"href":"https:\/\/diariodevurgos.com\/dvwps\/wp-json\/wp\/v2\/media?parent=1707"}],"wp:term":[{"taxonomy":"category","embeddable":true,"href":"https:\/\/diariodevurgos.com\/dvwps\/wp-json\/wp\/v2\/categories?post=1707"},{"taxonomy":"post_tag","embeddable":true,"href":"https:\/\/diariodevurgos.com\/dvwps\/wp-json\/wp\/v2\/tags?post=1707"}],"curies":[{"name":"wp","href":"https:\/\/api.w.org\/{rel}","templated":true}]}}