{"id":17078,"date":"2016-11-17T14:15:39","date_gmt":"2016-11-17T13:15:39","guid":{"rendered":"http:\/\/diariodevurgos.com\/dvwps\/?p=17078"},"modified":"2016-11-17T16:48:12","modified_gmt":"2016-11-17T15:48:12","slug":"otono-libertario-en-burgos-autogestion-aqui-y-ahora","status":"publish","type":"post","link":"https:\/\/diariodevurgos.com\/dvwps\/otono-libertario-en-burgos-autogestion-aqui-y-ahora.php","title":{"rendered":"Oto\u00f1o libertario en Burgos. Autogesti\u00f3n aqu\u00ed\u00ad y ahora"},"content":{"rendered":"<p class=\"lead\">Los d\u00ed\u00adas <strong>23, 24 y 26<\/strong> <strong>de noviembre<\/strong> realizamos estas humildes pero necesarias jornadas que queremos sean la introducci\u00f3n de lo que a nuestro modo de ver es algo muy necesario. Ante los discursos individualistas liberales que animan a embarcarse en proyectos de &#8220;autoempleo&#8221; que nos introducen en otra forma de competici\u00f3n descarnada y en una falsa salida a las crisis del sistema, ya que siempre para que unos triunfen otros deben quedarse fuera, de las casas, las fronteras, los derechos&#8230;<\/p>\n<img loading=\"lazy\" class=\"wp-image-17079 aligncenter\" src=\"http:\/\/diariodevurgos.com\/dvwps\/wp-content\/uploads\/2016\/11\/Cartel-oto\u00f1o-libertario.jpg\" alt=\"OLYMPUS DIGITAL CAMERA\" width=\"330\" height=\"513\" srcset=\"https:\/\/diariodevurgos.com\/dvwps\/wp-content\/uploads\/2016\/11\/Cartel-oto\u00f1o-libertario.jpg 1276w, https:\/\/diariodevurgos.com\/dvwps\/wp-content\/uploads\/2016\/11\/Cartel-oto\u00f1o-libertario-193x300.jpg 193w, https:\/\/diariodevurgos.com\/dvwps\/wp-content\/uploads\/2016\/11\/Cartel-oto\u00f1o-libertario-768x1194.jpg 768w, https:\/\/diariodevurgos.com\/dvwps\/wp-content\/uploads\/2016\/11\/Cartel-oto\u00f1o-libertario-659x1024.jpg 659w, https:\/\/diariodevurgos.com\/dvwps\/wp-content\/uploads\/2016\/11\/Cartel-oto\u00f1o-libertario-100x155.jpg 100w, https:\/\/diariodevurgos.com\/dvwps\/wp-content\/uploads\/2016\/11\/Cartel-oto\u00f1o-libertario-150x233.jpg 150w, https:\/\/diariodevurgos.com\/dvwps\/wp-content\/uploads\/2016\/11\/Cartel-oto\u00f1o-libertario-200x311.jpg 200w, https:\/\/diariodevurgos.com\/dvwps\/wp-content\/uploads\/2016\/11\/Cartel-oto\u00f1o-libertario-300x466.jpg 300w, https:\/\/diariodevurgos.com\/dvwps\/wp-content\/uploads\/2016\/11\/Cartel-oto\u00f1o-libertario-450x700.jpg 450w, https:\/\/diariodevurgos.com\/dvwps\/wp-content\/uploads\/2016\/11\/Cartel-oto\u00f1o-libertario-600x933.jpg 600w, https:\/\/diariodevurgos.com\/dvwps\/wp-content\/uploads\/2016\/11\/Cartel-oto\u00f1o-libertario-900x1399.jpg 900w\" sizes=\"(max-width: 330px) 100vw, 330px\" \/>\n<p>Y por otro lado los viejos y nuevos discursos socialdem\u00f3cratas que pretenden parchear todo esto con alguna reforma superficial y frenando algunas de las p\u00e9rdidas de derechos pero sin cambiar el modelo desarrollista ni atajar a fondo la forma de consumir y relacionarnos de forma jer\u00e1rquica y dependiente de pap\u00e1 estado&#8230;<!--more--><\/p>\n<p>Ante esto nuestra propuesta sigue siendo apoyar la autogesti\u00f3n y en estas jornadas queremos acercar algunos proyectos iniciales o no tanto, que se vienen dando en Burgos y su provincia, primero con una introducci\u00f3n con un documental que repasa distintas cooperativas y proyectos de toda la zona oriental de la pen\u00ed\u00adnsula como ejemplos a seguir, &#8220;La voz del viento-Semillas de transici\u00f3n&#8221; hace un viaje desde el Sur de Francia hasta Granada pasando por distintos lugares donde desarrollan alternativas al modelo imperante, para pasar al jueves con una presentaci\u00f3n de <a href=\"https:\/\/energeticacoop.es\/\">https:\/\/energeticacoop.es\/<\/a> una asociaci\u00f3n para poder contratar el tipo de energ\u00ed\u00ada que queremos con voz y voto y con la perspectiva a medio largo plazo de producir para no depender de ninguna gran empresa. Y para finalizar el s\u00e1bado una mesa redonda abierta donde todos los que quieran puedan aportar sus experiencias de trabajo, construcci\u00f3n, vida, lucha colectiva, con presencia de varios proyectos de la provincia.<\/p>\n<p>Os esperamos a todas en la sede de CNT Burgos.<\/p>\n","protected":false},"excerpt":{"rendered":"<p>Los d\u00ed\u00adas 23, 24 y 26 de noviembre realizamos estas humildes pero necesarias jornadas que queremos sean la introducci\u00f3n de lo que a nuestro modo de ver es algo muy necesario. Ante los discursos individualistas liberales que animan a embarcarse en proyectos de &#8220;autoempleo&#8221; que nos introducen en otra forma de competici\u00f3n descarnada y en&#8230;  <a href=\"https:\/\/diariodevurgos.com\/dvwps\/otono-libertario-en-burgos-autogestion-aqui-y-ahora.php\" class=\"more-link\" title=\"Read Oto\u00f1o libertario en Burgos. Autogesti\u00f3n aqu\u00ed\u00ad y ahora\">Read more &raquo;<\/a><\/p>\n","protected":false},"author":2,"featured_media":0,"comment_status":"open","ping_status":"closed","sticky":false,"template":"","format":"standard","meta":[],"categories":[61,2,57],"tags":[],"_links":{"self":[{"href":"https:\/\/diariodevurgos.com\/dvwps\/wp-json\/wp\/v2\/posts\/17078"}],"collection":[{"href":"https:\/\/diariodevurgos.com\/dvwps\/wp-json\/wp\/v2\/posts"}],"about":[{"href":"https:\/\/diariodevurgos.com\/dvwps\/wp-json\/wp\/v2\/types\/post"}],"author":[{"embeddable":true,"href":"https:\/\/diariodevurgos.com\/dvwps\/wp-json\/wp\/v2\/users\/2"}],"replies":[{"embeddable":true,"href":"https:\/\/diariodevurgos.com\/dvwps\/wp-json\/wp\/v2\/comments?post=17078"}],"version-history":[{"count":2,"href":"https:\/\/diariodevurgos.com\/dvwps\/wp-json\/wp\/v2\/posts\/17078\/revisions"}],"predecessor-version":[{"id":17081,"href":"https:\/\/diariodevurgos.com\/dvwps\/wp-json\/wp\/v2\/posts\/17078\/revisions\/17081"}],"wp:attachment":[{"href":"https:\/\/diariodevurgos.com\/dvwps\/wp-json\/wp\/v2\/media?parent=17078"}],"wp:term":[{"taxonomy":"category","embeddable":true,"href":"https:\/\/diariodevurgos.com\/dvwps\/wp-json\/wp\/v2\/categories?post=17078"},{"taxonomy":"post_tag","embeddable":true,"href":"https:\/\/diariodevurgos.com\/dvwps\/wp-json\/wp\/v2\/tags?post=17078"}],"curies":[{"name":"wp","href":"https:\/\/api.w.org\/{rel}","templated":true}]}}