{"id":17082,"date":"2016-11-17T18:00:10","date_gmt":"2016-11-17T17:00:10","guid":{"rendered":"http:\/\/diariodevurgos.com\/dvwps\/?p=17082"},"modified":"2016-11-17T23:33:13","modified_gmt":"2016-11-17T22:33:13","slug":"el-rompecabezas-de-la-muerte-de-durruti-entrevista-con-el-escritor-pedro-de-paz","status":"publish","type":"post","link":"https:\/\/diariodevurgos.com\/dvwps\/el-rompecabezas-de-la-muerte-de-durruti-entrevista-con-el-escritor-pedro-de-paz.php","title":{"rendered":"El rompecabezas de la muerte de Durruti: entrevista con el escritor Pedro de Paz"},"content":{"rendered":"<p class=\"lead\">El 20 de noviembre se cumple el 80 aniversario de la muerte del militante anarquista Buenaventura Durruti mientras se encontraba desplazado con su columna en el frente de la Ciudad Universitaria de Madrid. El escritor <a href=\"https:\/\/es.wikipedia.org\/wiki\/Ily%C3%A1_Ehrenburg\">Ily\u00e1 Ehrenburg<\/a>, que lo conoci\u00f3 personalmente, comentaba que era imposible escribir una novela sobre la vida de Durruti porque la realidad superaba con creces a la ficci\u00f3n.\u00a0 Su muerte, acaecida en oscuras circunstancias en aquel Madrid acorralado de noviembre de 1936, termin\u00f3 por convertirse en uno de <a href=\"http:\/\/diariodevurgos.com\/dvwps\/la-muerte-de-durruti.php\">los episodios m\u00e1s controvertidos de nuestra guerra civil<\/a>. La versi\u00f3n oficial, pobremente urdida por el gobierno republicano, en el que para m\u00e1s inri contaba con cuatro ministros anarquistas, dio p\u00e1bulo a un rompecabezas de hip\u00f3tesis que contin\u00faan alimentando un enigma a\u00fan sin resolver.<\/p>\n<p>[youtube]Eu2CbUgheRI[\/youtube]<\/p>\n<p><strong>DV<\/strong> ha tenido ocasi\u00f3n de entrevistar al escritor <a href=\"http:\/\/www.pedrodepaz.com\/\">Pedro de Paz<\/a>, autor de la novela <a href=\"http:\/\/www.pedrodepaz.com\/files\/ebooks\/durruti.pdf\"><em>El hombre que mat\u00f3 a Durruti<\/em><\/a>, en las inmediaciones del frente de guerra donde cay\u00f3 abatido Durruti, para tratar de poner negro sobre blanco en torno a las circunstancias que rodearon la muerte del hist\u00f3rico libertario. Un reportaje audiovisual, que cuenta con las <a href=\"https:\/\/www.youtube.com\/watch?v=RKS4vDIx4pU\">\u00faltimas im\u00e1genes que se conservan con vida de Durriti<\/a>, en el que el escritor madrile\u00f1o desentra\u00f1a los hechos que provocaron la muerte de un hombre, y el posterior nacimiento del mito.<\/p>\n","protected":false},"excerpt":{"rendered":"<p>El 20 de noviembre se cumple el 80 aniversario de la muerte del militante anarquista Buenaventura Durruti mientras se encontraba desplazado con su columna en el frente de la Ciudad Universitaria de Madrid. El escritor Ily\u00e1 Ehrenburg, que lo conoci\u00f3 personalmente, comentaba que era imposible escribir una novela sobre la vida de Durruti porque la&#8230;  <a href=\"https:\/\/diariodevurgos.com\/dvwps\/el-rompecabezas-de-la-muerte-de-durruti-entrevista-con-el-escritor-pedro-de-paz.php\" class=\"more-link\" title=\"Read El rompecabezas de la muerte de Durruti: entrevista con el escritor Pedro de Paz\">Read more &raquo;<\/a><\/p>\n","protected":false},"author":2,"featured_media":0,"comment_status":"open","ping_status":"closed","sticky":false,"template":"","format":"standard","meta":[],"categories":[33,26,6,30,8,15],"tags":[],"_links":{"self":[{"href":"https:\/\/diariodevurgos.com\/dvwps\/wp-json\/wp\/v2\/posts\/17082"}],"collection":[{"href":"https:\/\/diariodevurgos.com\/dvwps\/wp-json\/wp\/v2\/posts"}],"about":[{"href":"https:\/\/diariodevurgos.com\/dvwps\/wp-json\/wp\/v2\/types\/post"}],"author":[{"embeddable":true,"href":"https:\/\/diariodevurgos.com\/dvwps\/wp-json\/wp\/v2\/users\/2"}],"replies":[{"embeddable":true,"href":"https:\/\/diariodevurgos.com\/dvwps\/wp-json\/wp\/v2\/comments?post=17082"}],"version-history":[{"count":4,"href":"https:\/\/diariodevurgos.com\/dvwps\/wp-json\/wp\/v2\/posts\/17082\/revisions"}],"predecessor-version":[{"id":17086,"href":"https:\/\/diariodevurgos.com\/dvwps\/wp-json\/wp\/v2\/posts\/17082\/revisions\/17086"}],"wp:attachment":[{"href":"https:\/\/diariodevurgos.com\/dvwps\/wp-json\/wp\/v2\/media?parent=17082"}],"wp:term":[{"taxonomy":"category","embeddable":true,"href":"https:\/\/diariodevurgos.com\/dvwps\/wp-json\/wp\/v2\/categories?post=17082"},{"taxonomy":"post_tag","embeddable":true,"href":"https:\/\/diariodevurgos.com\/dvwps\/wp-json\/wp\/v2\/tags?post=17082"}],"curies":[{"name":"wp","href":"https:\/\/api.w.org\/{rel}","templated":true}]}}