{"id":17115,"date":"2016-11-22T17:02:27","date_gmt":"2016-11-22T16:02:27","guid":{"rendered":"http:\/\/diariodevurgos.com\/dvwps\/?p=17115"},"modified":"2016-11-23T15:50:44","modified_gmt":"2016-11-23T14:50:44","slug":"concentracion-y-asamblea-contra-las-agresiones-sexuales","status":"publish","type":"post","link":"https:\/\/diariodevurgos.com\/dvwps\/concentracion-y-asamblea-contra-las-agresiones-sexuales.php","title":{"rendered":"Concentraci\u00f3n y asamblea contra las agresiones sexuales"},"content":{"rendered":"<p class=\"lead\">Este pasado s\u00e1bado 18 de noviembre estaba convocada una concentraci\u00f3n seguida de una asamblea bajo el lema &#8220;Hartas de ataques alzamos la voz. Ni calladas, ni violadas, ni asesinadas&#8221;\u009d<\/p>\n<img loading=\"lazy\" class=\"size-medium wp-image-17116 aligncenter\" src=\"http:\/\/diariodevurgos.com\/dvwps\/wp-content\/uploads\/2016\/11\/IMG_20161120_194708-300x300.jpg\" alt=\"img_20161120_194708\" width=\"300\" height=\"300\" \/>\n<p><!--more--><\/p>\n<p>La concentraci\u00f3n se desarroll\u00f3 desde las 12 de la ma\u00f1ana en la Plaza Mayor. En esta participaron unas 50 personas que durante media hora gritaron lemas como &#8220;Ni una menos, vivas nos queremos&#8221;\u009d, &#8220;Ninguna agresi\u00f3n sin respuesta&#8221;\u009d o &#8220;Ni v\u00ed\u00adctimas ni pasivas, mujeres combativas&#8221;\u009d . Esta concluy\u00f3 con la lectura de un comunicado en el que se exponian las razones por las que se hab\u00ed\u00ada convocado para depu\u00e9s proceder a realizar la asamblea.<\/p>\n<p>En la asamblea participar\u00ed\u00adan tambi\u00e9n una cincuentena de personas que debatieron en torno a cual deber\u00ed\u00adan ser los objetivos de la campa\u00f1a que se pone encima de la mesa para trabajar. Despu\u00e9s de 30 minutos de fruct\u00ed\u00adfera discusi\u00f3n en torno a las problem\u00e1ticas concretas de violencia sexual a las que se enfrenta la ciudad de Burgos y de diferentes propuestas para atajarjarlas, se procedi\u00f3 a decidir cual ser\u00ed\u00ada el espacio y la fecha para la siguiente asamblea, que continuar\u00e1 siendo abierta a la participaci\u00f3n de todas aquellas interesadas en luchar contra las violencias sexuales y que se realizar\u00e1<b> el <\/b><b>pr\u00f3ximo s\u00e1bado 26 de noviembre a las 12h en la Plaza Mayor.<\/b><\/p>\n<p>&nbsp;<\/p>\n","protected":false},"excerpt":{"rendered":"<p>Este pasado s\u00e1bado 18 de noviembre estaba convocada una concentraci\u00f3n seguida de una asamblea bajo el lema &#8220;Hartas de ataques alzamos la voz. Ni calladas, ni violadas, ni asesinadas&#8221;\u009d<\/p>\n","protected":false},"author":21,"featured_media":0,"comment_status":"open","ping_status":"closed","sticky":false,"template":"","format":"standard","meta":[],"categories":[65,2,66],"tags":[],"_links":{"self":[{"href":"https:\/\/diariodevurgos.com\/dvwps\/wp-json\/wp\/v2\/posts\/17115"}],"collection":[{"href":"https:\/\/diariodevurgos.com\/dvwps\/wp-json\/wp\/v2\/posts"}],"about":[{"href":"https:\/\/diariodevurgos.com\/dvwps\/wp-json\/wp\/v2\/types\/post"}],"author":[{"embeddable":true,"href":"https:\/\/diariodevurgos.com\/dvwps\/wp-json\/wp\/v2\/users\/21"}],"replies":[{"embeddable":true,"href":"https:\/\/diariodevurgos.com\/dvwps\/wp-json\/wp\/v2\/comments?post=17115"}],"version-history":[{"count":4,"href":"https:\/\/diariodevurgos.com\/dvwps\/wp-json\/wp\/v2\/posts\/17115\/revisions"}],"predecessor-version":[{"id":17131,"href":"https:\/\/diariodevurgos.com\/dvwps\/wp-json\/wp\/v2\/posts\/17115\/revisions\/17131"}],"wp:attachment":[{"href":"https:\/\/diariodevurgos.com\/dvwps\/wp-json\/wp\/v2\/media?parent=17115"}],"wp:term":[{"taxonomy":"category","embeddable":true,"href":"https:\/\/diariodevurgos.com\/dvwps\/wp-json\/wp\/v2\/categories?post=17115"},{"taxonomy":"post_tag","embeddable":true,"href":"https:\/\/diariodevurgos.com\/dvwps\/wp-json\/wp\/v2\/tags?post=17115"}],"curies":[{"name":"wp","href":"https:\/\/api.w.org\/{rel}","templated":true}]}}