{"id":17143,"date":"2016-11-25T03:34:58","date_gmt":"2016-11-25T02:34:58","guid":{"rendered":"http:\/\/diariodevurgos.com\/dvwps\/?p=17143"},"modified":"2016-11-25T03:34:58","modified_gmt":"2016-11-25T02:34:58","slug":"huelga-estudiantil","status":"publish","type":"post","link":"https:\/\/diariodevurgos.com\/dvwps\/huelga-estudiantil.php","title":{"rendered":"Huelga estudiantil"},"content":{"rendered":"<p class=\"lead\">En nuestra ciudad distintos colectivos han convocado y secundado la huelga de estudiantes durante el d\u00ed\u00ada de ayer. Cabe destacar la manifestaci\u00f3n que ha partido de la plaza del cid a las 12:00 h. contra la LOMCE, el 3+2 y las revalidas.<\/p>\n<p>Al final de la manifestaci\u00f3n un grupo de personas hacia una asamblea abierta para crear una organizaci\u00f3n libre y autogestionada basada en la horizontalidad y la acci\u00f3n directa.<\/p>\n<img loading=\"lazy\" class=\"aligncenter size-full wp-image-17144\" src=\"http:\/\/diariodevurgos.com\/dvwps\/wp-content\/uploads\/2016\/11\/pedagogia_libertaria.jpg\" alt=\"pedagogia_libertaria\" width=\"285\" height=\"195\" srcset=\"https:\/\/diariodevurgos.com\/dvwps\/wp-content\/uploads\/2016\/11\/pedagogia_libertaria.jpg 285w, https:\/\/diariodevurgos.com\/dvwps\/wp-content\/uploads\/2016\/11\/pedagogia_libertaria-100x68.jpg 100w, https:\/\/diariodevurgos.com\/dvwps\/wp-content\/uploads\/2016\/11\/pedagogia_libertaria-150x103.jpg 150w, https:\/\/diariodevurgos.com\/dvwps\/wp-content\/uploads\/2016\/11\/pedagogia_libertaria-200x137.jpg 200w\" sizes=\"(max-width: 285px) 100vw, 285px\" \/>\n<p><!--more--><\/p>\n<p>A continuaci\u00f3n el panfleto repartido:<\/p>\n<p><strong>\u00a1A la huelga!<\/strong><br \/>\nOrganizate y lucha por una educaci\u00f3n libre y autogestionada.<\/p>\n<p>Nos encontramos ante un modelo educativo que nos trata unicamente como futura mercanc\u00ed\u00ada laboral, ignorando nuestra autonom\u00ed\u00ada a la hora de crear y llevar a cabo formas de vida alternativas.<\/p>\n<p>Todo ello se ve incrementando por:<\/p>\n<ul>\n<li>LOMCE: segregaci\u00f3n por sexos, religi\u00f3n obligatoria, eliminaci\u00f3n de asignaturas que promueven el pensamiento cr\u00ed\u00adtico, manipulaci\u00f3n hist\u00f3rica, rev\u00e1lidas y dem\u00e1s medidas contra el alumnado<\/li>\n<li>3+2: tres a\u00f1os de carrera y dos de m\u00e1ster necesario, incremento de las tasas universitarias, recortes en becas y dem\u00e1s medidas contra el alumnado<\/li>\n<li>Pr\u00e1cticas universitarias no remuneradas: pagamos por trabajar.<\/li>\n<\/ul>\n<p>Creemos necesaria la creaci\u00f3n de una organizaci\u00f3n libre y autogestionada basada en:<\/p>\n<ul>\n<li>Horizontalidad.<\/li>\n<li>Acci\u00f3n Directa.<\/li>\n<li>Promover una educaci\u00f3n libre, popular y autogestionada.<\/li>\n<\/ul>\n<p>Al finalizar la manifestaci\u00f3n del 24N realizaremos una asamblea abierta en la Plaza Mayor con el objetivo de organizar un espacio abierto para todas aquellas personas de institutos y universidades que quieran luchar a favor de una educaci\u00f3n y sociedad justa.<\/p>\n<p><strong>\u00ed\u0161nete para luchar<\/strong><br \/>\n<strong> Lucha para cambiar<\/strong><\/p>\n","protected":false},"excerpt":{"rendered":"<p>En nuestra ciudad distintos colectivos han convocado y secundado la huelga de estudiantes durante el d\u00ed\u00ada de ayer. Cabe destacar la manifestaci\u00f3n que ha partido de la plaza del cid a las 12:00 h. contra la LOMCE, el 3+2 y las revalidas. Al final de la manifestaci\u00f3n un grupo de personas hacia una asamblea abierta&#8230;  <a href=\"https:\/\/diariodevurgos.com\/dvwps\/huelga-estudiantil.php\" class=\"more-link\" title=\"Read Huelga estudiantil\">Read more &raquo;<\/a><\/p>\n","protected":false},"author":21,"featured_media":0,"comment_status":"open","ping_status":"closed","sticky":false,"template":"","format":"standard","meta":[],"categories":[2],"tags":[],"_links":{"self":[{"href":"https:\/\/diariodevurgos.com\/dvwps\/wp-json\/wp\/v2\/posts\/17143"}],"collection":[{"href":"https:\/\/diariodevurgos.com\/dvwps\/wp-json\/wp\/v2\/posts"}],"about":[{"href":"https:\/\/diariodevurgos.com\/dvwps\/wp-json\/wp\/v2\/types\/post"}],"author":[{"embeddable":true,"href":"https:\/\/diariodevurgos.com\/dvwps\/wp-json\/wp\/v2\/users\/21"}],"replies":[{"embeddable":true,"href":"https:\/\/diariodevurgos.com\/dvwps\/wp-json\/wp\/v2\/comments?post=17143"}],"version-history":[{"count":1,"href":"https:\/\/diariodevurgos.com\/dvwps\/wp-json\/wp\/v2\/posts\/17143\/revisions"}],"predecessor-version":[{"id":17145,"href":"https:\/\/diariodevurgos.com\/dvwps\/wp-json\/wp\/v2\/posts\/17143\/revisions\/17145"}],"wp:attachment":[{"href":"https:\/\/diariodevurgos.com\/dvwps\/wp-json\/wp\/v2\/media?parent=17143"}],"wp:term":[{"taxonomy":"category","embeddable":true,"href":"https:\/\/diariodevurgos.com\/dvwps\/wp-json\/wp\/v2\/categories?post=17143"},{"taxonomy":"post_tag","embeddable":true,"href":"https:\/\/diariodevurgos.com\/dvwps\/wp-json\/wp\/v2\/tags?post=17143"}],"curies":[{"name":"wp","href":"https:\/\/api.w.org\/{rel}","templated":true}]}}