{"id":17151,"date":"2016-11-25T18:04:19","date_gmt":"2016-11-25T17:04:19","guid":{"rendered":"http:\/\/diariodevurgos.com\/dvwps\/?p=17151"},"modified":"2016-11-25T18:17:59","modified_gmt":"2016-11-25T17:17:59","slug":"sobre-el-i-campeonato-placa-placa-burgos","status":"publish","type":"post","link":"https:\/\/diariodevurgos.com\/dvwps\/sobre-el-i-campeonato-placa-placa-burgos.php","title":{"rendered":"Sobre el I Campeonato Placa-Placa Burgos"},"content":{"rendered":"<p style=\"text-align: justify;\" class=\"lead\">La semana pasada se lanzaba desde el colectivo Yesca la propuesta del &#8220;1er concurso placa-placa en Burgos&#8221;\u009d, con la intenci\u00f3n de realizar un trabajo que desde las instituciones se ha venido retrasando hasta nuestros d\u00ed\u00adas a\u00fan con una Ley de Memoria Hist\u00f3rica en mano. Es evidente que el poder sigue en las mismas manos, en las de los simpatizantes del fascismo; es evidente que no se ha dado en el Estado espa\u00f1ol una ruptura con el r\u00e9gimen de Franco y que vivimos en un continuismo que pretende perpetuar los s\u00ed\u00admbolos que ensalzan su figura y la de todos sus asesinos a sueldo. Desde Yesca no piensan que quedarse de brazos cruzados sea de ning\u00fan modo la soluci\u00f3n, por eso proponen esta serie de &#8220;concursos&#8221;\u009d, para eliminar de nuestras ciudades toda huella del franquismo y que podamos vivir sin tener que ver cada d\u00ed\u00ada los s\u00ed\u00admbolos que contin\u00faan ensalzando el fascismo.<\/p>\n<p style=\"text-align: justify;\"><img loading=\"lazy\" class=\"wp-image-17152 aligncenter\" src=\"http:\/\/diariodevurgos.com\/dvwps\/wp-content\/uploads\/2016\/11\/placa-placa-663x1024.jpg\" alt=\"placa-placa\" width=\"401\" height=\"619\" srcset=\"https:\/\/diariodevurgos.com\/dvwps\/wp-content\/uploads\/2016\/11\/placa-placa-663x1024.jpg 663w, https:\/\/diariodevurgos.com\/dvwps\/wp-content\/uploads\/2016\/11\/placa-placa-194x300.jpg 194w, https:\/\/diariodevurgos.com\/dvwps\/wp-content\/uploads\/2016\/11\/placa-placa-768x1187.jpg 768w, https:\/\/diariodevurgos.com\/dvwps\/wp-content\/uploads\/2016\/11\/placa-placa-100x155.jpg 100w, https:\/\/diariodevurgos.com\/dvwps\/wp-content\/uploads\/2016\/11\/placa-placa-150x232.jpg 150w, https:\/\/diariodevurgos.com\/dvwps\/wp-content\/uploads\/2016\/11\/placa-placa-200x309.jpg 200w, https:\/\/diariodevurgos.com\/dvwps\/wp-content\/uploads\/2016\/11\/placa-placa-300x464.jpg 300w, https:\/\/diariodevurgos.com\/dvwps\/wp-content\/uploads\/2016\/11\/placa-placa-450x695.jpg 450w, https:\/\/diariodevurgos.com\/dvwps\/wp-content\/uploads\/2016\/11\/placa-placa-600x927.jpg 600w, https:\/\/diariodevurgos.com\/dvwps\/wp-content\/uploads\/2016\/11\/placa-placa.jpg 792w\" sizes=\"(max-width: 401px) 100vw, 401px\" \/><br \/>\n<!--more--><br \/>\nPoco tiempo despu\u00e9s de conocerse esta iniciativa el Diario de Burgos, el panfleto de Mendez Pozo, siempre tan predispuesto a criminalizar todo acto de disidencia, publicaba el siguiente art\u00ed\u00adculo:<\/p>\n<p style=\"text-align: justify;\"><img loading=\"lazy\" class=\"size-large wp-image-17153 aligncenter\" src=\"http:\/\/diariodevurgos.com\/dvwps\/wp-content\/uploads\/2016\/11\/Cxij4-yXAAAOwQm.jpglarge-1024x576.jpg\" alt=\"cxij4-yxaaaowqm-jpglarge\" width=\"605\" height=\"340\" srcset=\"https:\/\/diariodevurgos.com\/dvwps\/wp-content\/uploads\/2016\/11\/Cxij4-yXAAAOwQm.jpglarge-1024x576.jpg 1024w, https:\/\/diariodevurgos.com\/dvwps\/wp-content\/uploads\/2016\/11\/Cxij4-yXAAAOwQm.jpglarge-300x169.jpg 300w, https:\/\/diariodevurgos.com\/dvwps\/wp-content\/uploads\/2016\/11\/Cxij4-yXAAAOwQm.jpglarge-768x432.jpg 768w, https:\/\/diariodevurgos.com\/dvwps\/wp-content\/uploads\/2016\/11\/Cxij4-yXAAAOwQm.jpglarge-100x56.jpg 100w, https:\/\/diariodevurgos.com\/dvwps\/wp-content\/uploads\/2016\/11\/Cxij4-yXAAAOwQm.jpglarge-150x84.jpg 150w, https:\/\/diariodevurgos.com\/dvwps\/wp-content\/uploads\/2016\/11\/Cxij4-yXAAAOwQm.jpglarge-200x113.jpg 200w, https:\/\/diariodevurgos.com\/dvwps\/wp-content\/uploads\/2016\/11\/Cxij4-yXAAAOwQm.jpglarge-450x253.jpg 450w, https:\/\/diariodevurgos.com\/dvwps\/wp-content\/uploads\/2016\/11\/Cxij4-yXAAAOwQm.jpglarge-600x338.jpg 600w, https:\/\/diariodevurgos.com\/dvwps\/wp-content\/uploads\/2016\/11\/Cxij4-yXAAAOwQm.jpglarge-900x506.jpg 900w, https:\/\/diariodevurgos.com\/dvwps\/wp-content\/uploads\/2016\/11\/Cxij4-yXAAAOwQm.jpglarge.jpg 1600w\" sizes=\"(max-width: 605px) 100vw, 605px\" \/><\/p>\n<p>A los dos d\u00ed\u00adas de que se lanzase lapropuesta de retirada de s\u00ed\u00admbolos fascistas, el cartel en donde se indicaban las bases y el contacto fue retirado de las redes sociales (en concreto Facebook) despu\u00e9s de que se hiciera viral entre los usuarios de estas redes, no sin recibir tambi\u00e9n varias amenazas de &#8220;llevarlo a las autoridades&#8221;\u009d. Tras volver a subir el cartel por segunda vez, de nuevo se lleva a cabo el mismo procedimiento de retirada, y esta vez con una sanci\u00f3n a la cuenta de Yesca en Facebook: un bloqueo de la cuenta durante 24 horas por &#8220;incumplimiento de la normativa interna&#8221;\u009d, dando buena muestra de la represi\u00f3n propia del Estado espa\u00f1ol y su posicionamiento en contra de la retirada de este tipo de s\u00ed\u00admbolos, s\u00ed\u00admbolos s\u00ed\u00ad que suponen un verdadero &#8220;incumplimiento de la normativa interna&#8221;\u009d para todas las personas que sufrieron durante la dictadura, que murieron a manos de fascistas.<\/p>\n<p>Los concursos placa-placa son una forma popular de llevar a cabo un &#8220;trabajo de limpieza&#8221;\u009d que, como ya se ha se\u00f1alado, desde las autoridades no se est\u00e1 dispuesto a realizar por puro continuismo con el r\u00e9gimen franquista; no va a ser diferente en la ciudad de Burgos, donde adem\u00e1s hay innumerables ejemplos de este tipo de recuerdos del fascismo. El concurso placa-placa sigue adelante, ya ha empezado, y siguen invitando a todo el mundo que quiera participar a que se ponga en contacto con ell@s a trav\u00e9s de la cuenta de correo (yesca.burgos1521@gmail.com)<\/p>\n<p style=\"text-align: center;\"><strong>\u00a1Porque si la represi\u00f3n no para, nosotr@s tampoco!<\/strong><\/p>\n<p style=\"text-align: center;\">Adelante con el placa-placa y la retirada de los s\u00ed\u00admbolos fascistas de nuestra ciudad.<\/p>\n","protected":false},"excerpt":{"rendered":"<p>La semana pasada se lanzaba desde el colectivo Yesca la propuesta del &#8220;1er concurso placa-placa en Burgos&#8221;\u009d, con la intenci\u00f3n de realizar un trabajo que desde las instituciones se ha venido retrasando hasta nuestros d\u00ed\u00adas a\u00fan con una Ley de Memoria Hist\u00f3rica en mano. Es evidente que el poder sigue en las mismas manos, en&#8230;  <a href=\"https:\/\/diariodevurgos.com\/dvwps\/sobre-el-i-campeonato-placa-placa-burgos.php\" class=\"more-link\" title=\"Read Sobre el I Campeonato Placa-Placa Burgos\">Read more &raquo;<\/a><\/p>\n","protected":false},"author":21,"featured_media":0,"comment_status":"open","ping_status":"closed","sticky":false,"template":"","format":"standard","meta":[],"categories":[31,2,71],"tags":[],"_links":{"self":[{"href":"https:\/\/diariodevurgos.com\/dvwps\/wp-json\/wp\/v2\/posts\/17151"}],"collection":[{"href":"https:\/\/diariodevurgos.com\/dvwps\/wp-json\/wp\/v2\/posts"}],"about":[{"href":"https:\/\/diariodevurgos.com\/dvwps\/wp-json\/wp\/v2\/types\/post"}],"author":[{"embeddable":true,"href":"https:\/\/diariodevurgos.com\/dvwps\/wp-json\/wp\/v2\/users\/21"}],"replies":[{"embeddable":true,"href":"https:\/\/diariodevurgos.com\/dvwps\/wp-json\/wp\/v2\/comments?post=17151"}],"version-history":[{"count":6,"href":"https:\/\/diariodevurgos.com\/dvwps\/wp-json\/wp\/v2\/posts\/17151\/revisions"}],"predecessor-version":[{"id":17159,"href":"https:\/\/diariodevurgos.com\/dvwps\/wp-json\/wp\/v2\/posts\/17151\/revisions\/17159"}],"wp:attachment":[{"href":"https:\/\/diariodevurgos.com\/dvwps\/wp-json\/wp\/v2\/media?parent=17151"}],"wp:term":[{"taxonomy":"category","embeddable":true,"href":"https:\/\/diariodevurgos.com\/dvwps\/wp-json\/wp\/v2\/categories?post=17151"},{"taxonomy":"post_tag","embeddable":true,"href":"https:\/\/diariodevurgos.com\/dvwps\/wp-json\/wp\/v2\/tags?post=17151"}],"curies":[{"name":"wp","href":"https:\/\/api.w.org\/{rel}","templated":true}]}}