{"id":17287,"date":"2017-01-01T22:16:45","date_gmt":"2017-01-01T21:16:45","guid":{"rendered":"http:\/\/diariodevurgos.com\/dvwps\/?p=17287"},"modified":"2017-01-01T22:17:47","modified_gmt":"2017-01-01T21:17:47","slug":"17287","status":"publish","type":"post","link":"https:\/\/diariodevurgos.com\/dvwps\/17287.php","title":{"rendered":"Nais contra a Impunidade reedita el libro &#8220;Huye, hombre, huye&#8221; de Xos\u00e9 Tarrio"},"content":{"rendered":"<p class=\"lead\">La asociaci\u00f3n<a href=\"https:\/\/es-la.facebook.com\/naiscontraimpunidade\/\"><em> Nais Contra a Impunidade<\/em><\/a> acaba de reeditar de la obra literaria, pict\u00f3rica y de opinion de Xos\u00e9 Tarr\u00ed\u00ado Gonz\u00e1lez, autor del libro <strong>Huye, hombre, huye, diario de un preso F.I.E.S. <\/strong>Huye, hombre, huye es una obra de denuncia fundamental para conocer los m\u00e1s oscuros m\u00e9todos represivos del Estado Espa\u00f1ol. Relata, con toda crudeza, la guerra sucia del Estado contra las personas presas m\u00e1s combativas y solidarias, aislados en m\u00f3dulos F.I.E.S. (Ficheros de Internos de Especial Seguimiento). Tortura, represi\u00f3n y muerte frente a dignidad, organizaci\u00f3n, lucha y denuncia de quien ha sufrido y sufre, en primera persona, esta aberraci\u00f3n autoritaria que es la c\u00e1rcel. <strong>Radio Onda Expansiva<\/strong> tuvo <a href=\"http:\/\/ondaexpansiva.net\/mi-hijo-murio-de-carcelentrevista-a-pastora-gonzalez-madre-de-xose-tarrio\/\">la oportunidad de entrevistar a Pastora G\u00f3nzalez<\/a>, madre de Xose Tarrio, el a\u00f1o pasado tras su paso por el <a href=\"http:\/\/csrgamonal.ga\/2016\/03\/03\/madres-contra-la-impunidad-y-concierto\/\">Centro Social Recuperado de Gamonal.<\/a><\/p>\n<p style=\"text-align: center;\"><img loading=\"lazy\" class=\"aligncenter wp-image-17288\" src=\"http:\/\/diariodevurgos.com\/dvwps\/wp-content\/uploads\/2017\/01\/Cartel-Tarrio-1024x724.jpg\" alt=\"\" width=\"488\" height=\"345\" srcset=\"https:\/\/diariodevurgos.com\/dvwps\/wp-content\/uploads\/2017\/01\/Cartel-Tarrio-1024x724.jpg 1024w, https:\/\/diariodevurgos.com\/dvwps\/wp-content\/uploads\/2017\/01\/Cartel-Tarrio-300x212.jpg 300w, https:\/\/diariodevurgos.com\/dvwps\/wp-content\/uploads\/2017\/01\/Cartel-Tarrio-768x543.jpg 768w, https:\/\/diariodevurgos.com\/dvwps\/wp-content\/uploads\/2017\/01\/Cartel-Tarrio-100x71.jpg 100w, https:\/\/diariodevurgos.com\/dvwps\/wp-content\/uploads\/2017\/01\/Cartel-Tarrio-150x106.jpg 150w, https:\/\/diariodevurgos.com\/dvwps\/wp-content\/uploads\/2017\/01\/Cartel-Tarrio-200x141.jpg 200w, https:\/\/diariodevurgos.com\/dvwps\/wp-content\/uploads\/2017\/01\/Cartel-Tarrio-450x318.jpg 450w, https:\/\/diariodevurgos.com\/dvwps\/wp-content\/uploads\/2017\/01\/Cartel-Tarrio-600x424.jpg 600w, https:\/\/diariodevurgos.com\/dvwps\/wp-content\/uploads\/2017\/01\/Cartel-Tarrio-900x636.jpg 900w, https:\/\/diariodevurgos.com\/dvwps\/wp-content\/uploads\/2017\/01\/Cartel-Tarrio.jpg 1191w\" sizes=\"(max-width: 488px) 100vw, 488px\" \/><\/p>\n<p><!--more--><br \/>\nLa Asociaci\u00f3n Nais Contra a Impunidade, es una asociaci\u00f3n horizontal, autogestionada y sin \u00e1nimo de lucro, que tiene como principios inspiradores de sus actividades el respeto y la defensa de los derechos fundamentales, tanto de las personas privadas de libertad como de las personas en situaci\u00f3n de riesgo de exclusi\u00f3n y marginaci\u00f3n, en todos los \u00e1mbitos de la vida.<\/p>\n<p>Nuestro impulso de trabajo est\u00e1 basado en el apoyo mutuo y la solidaridad, donde la metodolog\u00ed\u00ada de financiaci\u00f3n se basa en la aportaci\u00f3n de cuotas de personas socias y la recaudaci\u00f3n de las aportaciones solidarias generadas al adquirir el libro Huye, hombre, huye. Libro editado gracias a la cesi\u00f3n de la familia de los derechos de la obra.<\/p>\n<p>Nos ponemos en contacto para hacerte llegar esta carta, con el objetivo de que nos apoyes con la adquisici\u00f3n de ejemplares del libro para distribuir.<\/p>\n<p>El precio final del libro en todos los casos es de 10 \u00e2\u201a\u00ac unidad.<\/p>\n<p>Para solicitar env\u00ed\u00ados del libro dirigirse al correo electr\u00f3nico: <strong>xosetarrio@naiscontraimpunidade.org<\/strong><\/p>\n","protected":false},"excerpt":{"rendered":"<p>La asociaci\u00f3n Nais Contra a Impunidade acaba de reeditar de la obra literaria, pict\u00f3rica y de opinion de Xos\u00e9 Tarr\u00ed\u00ado Gonz\u00e1lez, autor del libro Huye, hombre, huye, diario de un preso F.I.E.S. Huye, hombre, huye es una obra de denuncia fundamental para conocer los m\u00e1s oscuros m\u00e9todos represivos del Estado Espa\u00f1ol. Relata, con toda crudeza,&#8230;  <a href=\"https:\/\/diariodevurgos.com\/dvwps\/17287.php\" class=\"more-link\" title=\"Read Nais contra a Impunidade reedita el libro &#8220;Huye, hombre, huye&#8221; de Xos\u00e9 Tarrio\">Read more &raquo;<\/a><\/p>\n","protected":false},"author":2,"featured_media":0,"comment_status":"open","ping_status":"closed","sticky":false,"template":"","format":"standard","meta":[],"categories":[22,30,8],"tags":[],"_links":{"self":[{"href":"https:\/\/diariodevurgos.com\/dvwps\/wp-json\/wp\/v2\/posts\/17287"}],"collection":[{"href":"https:\/\/diariodevurgos.com\/dvwps\/wp-json\/wp\/v2\/posts"}],"about":[{"href":"https:\/\/diariodevurgos.com\/dvwps\/wp-json\/wp\/v2\/types\/post"}],"author":[{"embeddable":true,"href":"https:\/\/diariodevurgos.com\/dvwps\/wp-json\/wp\/v2\/users\/2"}],"replies":[{"embeddable":true,"href":"https:\/\/diariodevurgos.com\/dvwps\/wp-json\/wp\/v2\/comments?post=17287"}],"version-history":[{"count":2,"href":"https:\/\/diariodevurgos.com\/dvwps\/wp-json\/wp\/v2\/posts\/17287\/revisions"}],"predecessor-version":[{"id":17290,"href":"https:\/\/diariodevurgos.com\/dvwps\/wp-json\/wp\/v2\/posts\/17287\/revisions\/17290"}],"wp:attachment":[{"href":"https:\/\/diariodevurgos.com\/dvwps\/wp-json\/wp\/v2\/media?parent=17287"}],"wp:term":[{"taxonomy":"category","embeddable":true,"href":"https:\/\/diariodevurgos.com\/dvwps\/wp-json\/wp\/v2\/categories?post=17287"},{"taxonomy":"post_tag","embeddable":true,"href":"https:\/\/diariodevurgos.com\/dvwps\/wp-json\/wp\/v2\/tags?post=17287"}],"curies":[{"name":"wp","href":"https:\/\/api.w.org\/{rel}","templated":true}]}}