{"id":17295,"date":"2017-01-03T01:33:56","date_gmt":"2017-01-03T00:33:56","guid":{"rendered":"http:\/\/diariodevurgos.com\/dvwps\/?p=17295"},"modified":"2017-01-03T23:56:08","modified_gmt":"2017-01-03T22:56:08","slug":"al-ritmo-de-las-ideas-jornada-en-solidaridad-con-los-refugiados-en-el-csr-gamonal","status":"publish","type":"post","link":"https:\/\/diariodevurgos.com\/dvwps\/al-ritmo-de-las-ideas-jornada-en-solidaridad-con-los-refugiados-en-el-csr-gamonal.php","title":{"rendered":"Al ritmo de las fronteras: jornada en solidaridad con los refugiados en el CSR Gamonal"},"content":{"rendered":"<p class=\"lead\">El <strong>s\u00e1bado 7 de enero de 2017<\/strong> tendr\u00e1 lugar una <strong>jornada en solidaridad con los refugiados<\/strong> en el <a href=\"http:\/\/csrgamonal.ga\/\">Centro Social Recuperado de Gamonal<\/a>. Con el t\u00ed\u00adtulo <em>Al ritmo de las fronteras,<\/em> j\u00f3venes burgaleses que se desplazaron hasta Grecia para colaborar en la ayuda a los refugiados,\u00a0 han programado esta jornada solidaria en la que se desarrollar\u00e1 una\u00a0 charla-debate donde narrar\u00e1n sus experiencias. La iniciativa, que dar\u00e1 comienzo a partir de las<strong> 19.00 horas<\/strong>, incluye tambi\u00e9n exhibiciones de freestyle, beatbox y m\u00fasica hip-hop y rap en directo a cargo de<em> <a href=\"https:\/\/www.youtube.com\/watch?v=whdIEhEWY5c\">NezbiaN<\/a>, Camel,<a href=\"https:\/\/www.youtube.com\/watch?v=ATkDYfZJCWo\"> Soul Less Thaveed<\/a>, JaloconH, JeyNella y Halle.<\/em><\/p>\n<p style=\"text-align: center;\"><img loading=\"lazy\" class=\"aligncenter wp-image-17296\" src=\"http:\/\/diariodevurgos.com\/dvwps\/wp-content\/uploads\/2017\/01\/C1Ler1TWQAAvvvK.jpg\" alt=\"\" width=\"391\" height=\"553\" srcset=\"https:\/\/diariodevurgos.com\/dvwps\/wp-content\/uploads\/2017\/01\/C1Ler1TWQAAvvvK.jpg 450w, https:\/\/diariodevurgos.com\/dvwps\/wp-content\/uploads\/2017\/01\/C1Ler1TWQAAvvvK-212x300.jpg 212w, https:\/\/diariodevurgos.com\/dvwps\/wp-content\/uploads\/2017\/01\/C1Ler1TWQAAvvvK-100x141.jpg 100w, https:\/\/diariodevurgos.com\/dvwps\/wp-content\/uploads\/2017\/01\/C1Ler1TWQAAvvvK-150x212.jpg 150w, https:\/\/diariodevurgos.com\/dvwps\/wp-content\/uploads\/2017\/01\/C1Ler1TWQAAvvvK-200x283.jpg 200w, https:\/\/diariodevurgos.com\/dvwps\/wp-content\/uploads\/2017\/01\/C1Ler1TWQAAvvvK-300x424.jpg 300w\" sizes=\"(max-width: 391px) 100vw, 391px\" \/><\/p>\n<p style=\"text-align: center;\"><!--more--><\/p>\n<p style=\"text-align: center;\">\n<p style=\"text-align: center;\">[youtube]https:\/\/www.youtube.com\/watch?v=whdIEhEWY5c[\/youtube]<\/p>\n<p style=\"text-align: center;\">[youtube]https:\/\/www.youtube.com\/watch?v=ATkDYfZJCWo[\/youtube]<\/p>\n","protected":false},"excerpt":{"rendered":"<p>El s\u00e1bado 7 de enero de 2017 tendr\u00e1 lugar una jornada en solidaridad con los refugiados en el Centro Social Recuperado de Gamonal. Con el t\u00ed\u00adtulo Al ritmo de las fronteras, j\u00f3venes burgaleses que se desplazaron hasta Grecia para colaborar en la ayuda a los refugiados,\u00a0 han programado esta jornada solidaria en la que se&#8230;  <a href=\"https:\/\/diariodevurgos.com\/dvwps\/al-ritmo-de-las-ideas-jornada-en-solidaridad-con-los-refugiados-en-el-csr-gamonal.php\" class=\"more-link\" title=\"Read Al ritmo de las fronteras: jornada en solidaridad con los refugiados en el CSR Gamonal\">Read more &raquo;<\/a><\/p>\n","protected":false},"author":2,"featured_media":0,"comment_status":"open","ping_status":"closed","sticky":false,"template":"","format":"standard","meta":[],"categories":[61,2,57,78,27,26,24,16],"tags":[],"_links":{"self":[{"href":"https:\/\/diariodevurgos.com\/dvwps\/wp-json\/wp\/v2\/posts\/17295"}],"collection":[{"href":"https:\/\/diariodevurgos.com\/dvwps\/wp-json\/wp\/v2\/posts"}],"about":[{"href":"https:\/\/diariodevurgos.com\/dvwps\/wp-json\/wp\/v2\/types\/post"}],"author":[{"embeddable":true,"href":"https:\/\/diariodevurgos.com\/dvwps\/wp-json\/wp\/v2\/users\/2"}],"replies":[{"embeddable":true,"href":"https:\/\/diariodevurgos.com\/dvwps\/wp-json\/wp\/v2\/comments?post=17295"}],"version-history":[{"count":5,"href":"https:\/\/diariodevurgos.com\/dvwps\/wp-json\/wp\/v2\/posts\/17295\/revisions"}],"predecessor-version":[{"id":17304,"href":"https:\/\/diariodevurgos.com\/dvwps\/wp-json\/wp\/v2\/posts\/17295\/revisions\/17304"}],"wp:attachment":[{"href":"https:\/\/diariodevurgos.com\/dvwps\/wp-json\/wp\/v2\/media?parent=17295"}],"wp:term":[{"taxonomy":"category","embeddable":true,"href":"https:\/\/diariodevurgos.com\/dvwps\/wp-json\/wp\/v2\/categories?post=17295"},{"taxonomy":"post_tag","embeddable":true,"href":"https:\/\/diariodevurgos.com\/dvwps\/wp-json\/wp\/v2\/tags?post=17295"}],"curies":[{"name":"wp","href":"https:\/\/api.w.org\/{rel}","templated":true}]}}