{"id":17312,"date":"2017-01-05T02:02:26","date_gmt":"2017-01-05T01:02:26","guid":{"rendered":"http:\/\/diariodevurgos.com\/dvwps\/?p=17312"},"modified":"2017-01-06T21:28:30","modified_gmt":"2017-01-06T20:28:30","slug":"finalizacion-del-certamen-literario-x-aniversario-diario-de-vurgos","status":"publish","type":"post","link":"https:\/\/diariodevurgos.com\/dvwps\/finalizacion-del-certamen-literario-x-aniversario-diario-de-vurgos.php","title":{"rendered":"Finalizaci\u00f3n del certamen literario X Aniversario Diario de Vurgos"},"content":{"rendered":"<p class=\"lead\">Como se comunic\u00f3 en la bases del <strong>certamen literario<\/strong> , el d\u00ed\u00ada 31 de Diciembre de 2016 a las 23:59 finaliz\u00f3 el plazo de presentaci\u00f3n de escritos.<\/p>\n<p>Desde <strong>Diario de Vurgos<\/strong> queremos agradecer la gran acogida que ha tenido esta propuesta entre nuestros lectores ya que hab\u00e9is sido muchos, y desde muchos rincones del mundo, los que hab\u00e9is enviado vuestras aportaciones.<\/p>\n<p>En este momento desde la redacci\u00f3n de <strong>DV<\/strong> se esta haciendo una lectura de los mismos y, posteriormente, se proceder\u00e1 a realizar una publicaci\u00f3n con los seleccionados. Adem\u00e1s en la gala que se esta preparando con motivo del <strong>X Aniversario<\/strong> se realizar\u00e1 una lectura dramatizada de alguno de los mismos.<\/p>\n<p>Insistimos otra vez, <strong>MUCHAS GRACIAS<\/strong>.<\/p>\n<img loading=\"lazy\" class=\" wp-image-17045 aligncenter\" src=\"http:\/\/diariodevurgos.com\/dvwps\/wp-content\/uploads\/2016\/11\/certamenLocoCabecera.jpg\" alt=\"\" width=\"309\" height=\"115\" srcset=\"https:\/\/diariodevurgos.com\/dvwps\/wp-content\/uploads\/2016\/11\/certamenLocoCabecera.jpg 290w, https:\/\/diariodevurgos.com\/dvwps\/wp-content\/uploads\/2016\/11\/certamenLocoCabecera-100x37.jpg 100w, https:\/\/diariodevurgos.com\/dvwps\/wp-content\/uploads\/2016\/11\/certamenLocoCabecera-150x56.jpg 150w, https:\/\/diariodevurgos.com\/dvwps\/wp-content\/uploads\/2016\/11\/certamenLocoCabecera-200x74.jpg 200w\" sizes=\"(max-width: 309px) 100vw, 309px\" \/>\n<p>Finalizaci\u00f3n del certamen literario X Aniversario Diario de Vurgos<\/p>\n","protected":false},"excerpt":{"rendered":"<p>Como se comunic\u00f3 en la bases del certamen literario , el d\u00ed\u00ada 31 de Diciembre de 2016 a las 23:59 finaliz\u00f3 el plazo de presentaci\u00f3n de escritos. Desde Diario de Vurgos queremos agradecer la gran acogida que ha tenido esta propuesta entre nuestros lectores ya que hab\u00e9is sido muchos, y desde muchos rincones del mundo,&#8230;  <a href=\"https:\/\/diariodevurgos.com\/dvwps\/finalizacion-del-certamen-literario-x-aniversario-diario-de-vurgos.php\" class=\"more-link\" title=\"Read Finalizaci\u00f3n del certamen literario X Aniversario Diario de Vurgos\">Read more &raquo;<\/a><\/p>\n","protected":false},"author":1,"featured_media":0,"comment_status":"open","ping_status":"closed","sticky":false,"template":"","format":"standard","meta":[],"categories":[2,30,105],"tags":[],"_links":{"self":[{"href":"https:\/\/diariodevurgos.com\/dvwps\/wp-json\/wp\/v2\/posts\/17312"}],"collection":[{"href":"https:\/\/diariodevurgos.com\/dvwps\/wp-json\/wp\/v2\/posts"}],"about":[{"href":"https:\/\/diariodevurgos.com\/dvwps\/wp-json\/wp\/v2\/types\/post"}],"author":[{"embeddable":true,"href":"https:\/\/diariodevurgos.com\/dvwps\/wp-json\/wp\/v2\/users\/1"}],"replies":[{"embeddable":true,"href":"https:\/\/diariodevurgos.com\/dvwps\/wp-json\/wp\/v2\/comments?post=17312"}],"version-history":[{"count":3,"href":"https:\/\/diariodevurgos.com\/dvwps\/wp-json\/wp\/v2\/posts\/17312\/revisions"}],"predecessor-version":[{"id":17318,"href":"https:\/\/diariodevurgos.com\/dvwps\/wp-json\/wp\/v2\/posts\/17312\/revisions\/17318"}],"wp:attachment":[{"href":"https:\/\/diariodevurgos.com\/dvwps\/wp-json\/wp\/v2\/media?parent=17312"}],"wp:term":[{"taxonomy":"category","embeddable":true,"href":"https:\/\/diariodevurgos.com\/dvwps\/wp-json\/wp\/v2\/categories?post=17312"},{"taxonomy":"post_tag","embeddable":true,"href":"https:\/\/diariodevurgos.com\/dvwps\/wp-json\/wp\/v2\/tags?post=17312"}],"curies":[{"name":"wp","href":"https:\/\/api.w.org\/{rel}","templated":true}]}}