{"id":17339,"date":"2017-01-07T14:27:12","date_gmt":"2017-01-07T13:27:12","guid":{"rendered":"http:\/\/diariodevurgos.com\/dvwps\/?p=17339"},"modified":"2017-01-07T14:36:03","modified_gmt":"2017-01-07T13:36:03","slug":"presentacion-de-gamonal-la-historia-desde-abajo-y-entrevista-con-marcos-erro-y-jose-medina-en-radio-onda-expansiva","status":"publish","type":"post","link":"https:\/\/diariodevurgos.com\/dvwps\/presentacion-de-gamonal-la-historia-desde-abajo-y-entrevista-con-marcos-erro-y-jose-medina-en-radio-onda-expansiva.php","title":{"rendered":"Presentaci\u00f3n de &#8220;Gamonal, la historia desde abajo&#8221; y entrevista con Marcos Erro y Jos\u00e9 Medina en Radio Onda Expansiva"},"content":{"rendered":"<p class=\"lead\">Los autores del libro <em>Gamonal, la historia desde abajo<\/em>, <strong>Marcos Erro<\/strong> y <strong>Jos\u00e9 Medina<\/strong>, presentan su obra el <strong>mi\u00e9rcoles d\u00ed\u00ada 11<\/strong> <strong>de enero<\/strong> a las <strong>20:00 horas<\/strong> en la <strong>Sala Polis\u00f3n del Teatro Principal<\/strong>. A su vez, estar\u00e1n acompa\u00f1ados del<a href=\"http:\/\/ondaexpansiva.net\/gamonal-historia-de-una-anexion-forzosa\/\"> historiador Luis Castro<\/a> en un acto que coincide con el <a href=\"https:\/\/gamonalniunpasoatras.wordpress.com\/\">tercer aniversario de las movilizaciones <\/a>que consiguieron frenar la obra del Bulevar en la calle Vitoria. <strong>Radio Onda Expansiva<\/strong> ha realizado <a href=\"http:\/\/ondaexpansiva.net\/gamonal-la-historia-desde-abajo\/\">una entrevista con los autores del libro <\/a>donde se analizan las claves del trabajo que ha dado lugar a esta publicaci\u00f3n. <em>Gamonal, La historia<\/em> <em>desde abajo<\/em> ser\u00e1 tambi\u00e9n presentado el<strong> s\u00e1bado 21 de enero<\/strong> en el\u00a0<strong> Centro Social Recuperado de Gamonal <\/strong>coincidiendo con su tercer aniversario.<strong><br \/>\n<\/strong><\/p>\n<p style=\"text-align: center;\"><img loading=\"lazy\" class=\"alignnone \" src=\"https:\/\/scontent-mad1-1.xx.fbcdn.net\/v\/t1.0-9\/15823169_1180977531978429_7023146456573436846_n.jpg?oh=6adbf1b6a99342e93e5b87ddfbece98b&amp;oe=59160B40\" width=\"375\" height=\"629\" \/><\/p>\n<p><!--more--><\/p>\n<p>El texto, prologado por <strong>C\u00e9sar Rendueles<\/strong>, explica c\u00f3mo una peque\u00f1a localidad rural a las puertas de una capital de provincia se ha convertido en un barrio obrero que ha sido escenario de destacados conflictos sociales. El libro recorre, entre otros aspectos, los or\u00ed\u00adgenes de Gamonal, c\u00f3mo se llev\u00f3 a cabo la anexi\u00f3n con Burgos, qu\u00e9 importancia tiene la configuraci\u00f3n del urbanismo en la identidad del barrio, qu\u00e9 influencia tuvieron los conflictos laborales en la formaci\u00f3n de la clase obrera gamonalera, c\u00f3mo se obtuvieron los servicios p\u00fablicos, qu\u00e9 particularidades tiene la cultura de barrio en Gamonal y qu\u00e9 ocurre en los dem\u00e1s barrios burgaleses.<\/p>\n<p style=\"text-align: center;\"><img loading=\"lazy\" class=\"aligncenter wp-image-17340\" src=\"http:\/\/diariodevurgos.com\/dvwps\/wp-content\/uploads\/2017\/01\/Foto-Diego-Villaverde-2-1-1024x644.jpg\" alt=\"\" width=\"459\" height=\"288\" srcset=\"https:\/\/diariodevurgos.com\/dvwps\/wp-content\/uploads\/2017\/01\/Foto-Diego-Villaverde-2-1-1024x644.jpg 1024w, https:\/\/diariodevurgos.com\/dvwps\/wp-content\/uploads\/2017\/01\/Foto-Diego-Villaverde-2-1-300x189.jpg 300w, https:\/\/diariodevurgos.com\/dvwps\/wp-content\/uploads\/2017\/01\/Foto-Diego-Villaverde-2-1-768x483.jpg 768w, https:\/\/diariodevurgos.com\/dvwps\/wp-content\/uploads\/2017\/01\/Foto-Diego-Villaverde-2-1-100x63.jpg 100w, https:\/\/diariodevurgos.com\/dvwps\/wp-content\/uploads\/2017\/01\/Foto-Diego-Villaverde-2-1-150x94.jpg 150w, https:\/\/diariodevurgos.com\/dvwps\/wp-content\/uploads\/2017\/01\/Foto-Diego-Villaverde-2-1-200x126.jpg 200w, https:\/\/diariodevurgos.com\/dvwps\/wp-content\/uploads\/2017\/01\/Foto-Diego-Villaverde-2-1-450x283.jpg 450w, https:\/\/diariodevurgos.com\/dvwps\/wp-content\/uploads\/2017\/01\/Foto-Diego-Villaverde-2-1-600x377.jpg 600w, https:\/\/diariodevurgos.com\/dvwps\/wp-content\/uploads\/2017\/01\/Foto-Diego-Villaverde-2-1-900x566.jpg 900w\" sizes=\"(max-width: 459px) 100vw, 459px\" \/><\/p>\n<p>Estos asuntos se recogen en un relato que se construye fundamentalmente a trav\u00e9s de las experiencias de las personas que han habitado Gamonal a lo largo de todos estos a\u00f1os. Sus testimonios, obtenidos en las m\u00e1s de treinta entrevistas realizadas, dan constancia del periodo hist\u00f3rico que les ha tocado vivir.<\/p>\n","protected":false},"excerpt":{"rendered":"<p>Los autores del libro Gamonal, la historia desde abajo, Marcos Erro y Jos\u00e9 Medina, presentan su obra el mi\u00e9rcoles d\u00ed\u00ada 11 de enero a las 20:00 horas en la Sala Polis\u00f3n del Teatro Principal. A su vez, estar\u00e1n acompa\u00f1ados del historiador Luis Castro en un acto que coincide con el tercer aniversario de las movilizaciones&#8230;  <a href=\"https:\/\/diariodevurgos.com\/dvwps\/presentacion-de-gamonal-la-historia-desde-abajo-y-entrevista-con-marcos-erro-y-jose-medina-en-radio-onda-expansiva.php\" class=\"more-link\" title=\"Read Presentaci\u00f3n de &#8220;Gamonal, la historia desde abajo&#8221; y entrevista con Marcos Erro y Jos\u00e9 Medina en Radio Onda Expansiva\">Read more &raquo;<\/a><\/p>\n","protected":false},"author":2,"featured_media":0,"comment_status":"open","ping_status":"closed","sticky":false,"template":"","format":"standard","meta":[],"categories":[2,57,27,26,6,30,79,8],"tags":[],"_links":{"self":[{"href":"https:\/\/diariodevurgos.com\/dvwps\/wp-json\/wp\/v2\/posts\/17339"}],"collection":[{"href":"https:\/\/diariodevurgos.com\/dvwps\/wp-json\/wp\/v2\/posts"}],"about":[{"href":"https:\/\/diariodevurgos.com\/dvwps\/wp-json\/wp\/v2\/types\/post"}],"author":[{"embeddable":true,"href":"https:\/\/diariodevurgos.com\/dvwps\/wp-json\/wp\/v2\/users\/2"}],"replies":[{"embeddable":true,"href":"https:\/\/diariodevurgos.com\/dvwps\/wp-json\/wp\/v2\/comments?post=17339"}],"version-history":[{"count":3,"href":"https:\/\/diariodevurgos.com\/dvwps\/wp-json\/wp\/v2\/posts\/17339\/revisions"}],"predecessor-version":[{"id":17343,"href":"https:\/\/diariodevurgos.com\/dvwps\/wp-json\/wp\/v2\/posts\/17339\/revisions\/17343"}],"wp:attachment":[{"href":"https:\/\/diariodevurgos.com\/dvwps\/wp-json\/wp\/v2\/media?parent=17339"}],"wp:term":[{"taxonomy":"category","embeddable":true,"href":"https:\/\/diariodevurgos.com\/dvwps\/wp-json\/wp\/v2\/categories?post=17339"},{"taxonomy":"post_tag","embeddable":true,"href":"https:\/\/diariodevurgos.com\/dvwps\/wp-json\/wp\/v2\/tags?post=17339"}],"curies":[{"name":"wp","href":"https:\/\/api.w.org\/{rel}","templated":true}]}}