{"id":17344,"date":"2017-01-08T22:58:55","date_gmt":"2017-01-08T21:58:55","guid":{"rendered":"http:\/\/diariodevurgos.com\/dvwps\/?p=17344"},"modified":"2017-01-08T23:29:22","modified_gmt":"2017-01-08T22:29:22","slug":"gamonal-3-anos-despues-con-nuestras-encausadas-hasta-el-final","status":"publish","type":"post","link":"https:\/\/diariodevurgos.com\/dvwps\/gamonal-3-anos-despues-con-nuestras-encausadas-hasta-el-final.php","title":{"rendered":"Gamonal, 3 a\u00f1os despu\u00e9s: con nuestras encausadas hasta el final"},"content":{"rendered":"<p class=\"lead\">Publicamos a continuaci\u00f3n el comunicado que est\u00e1 difundiendo la <strong>Asamblea de Gamonal<\/strong>, colectivo vecinal que ha programado para esta semana diversas actividades con las que celebrar <a href=\"https:\/\/gamonalniunpasoatras.wordpress.com\/2016\/12\/29\/felizjueves-gamonal-3-anos-despues-actividades-y-concentracion-de-apoyo-a-encausadas\/\">el tercer aniversario de la revuelta vecinal que protagoniz\u00f3 Gamonal en enero de 2014<\/a>. Entre las diferentes iniciativas, destaca la concentraci\u00f3n que tendr\u00e1 lugar el<strong> s\u00e1bado 14 de enero<\/strong> a partir de las <strong>19.00 horas\u00a0<\/strong>en la <strong><em>Zona Cero<\/em> de la Calle Vitoria<\/strong> que reivindicar\u00e1 la lucha del barrio y el apoyo a las personas que a\u00fan permanecen encausadas tres a\u00f1os despu\u00e9s de aquel conflicto.<\/p>\n<p style=\"text-align: center;\"><img loading=\"lazy\" class=\"alignnone size-large\" src=\"https:\/\/pbs.twimg.com\/media\/C1lsVAkXAAQtTKr.jpg\" width=\"580\" height=\"300\" \/><\/p>\n<p><!--more--><\/p>\n<p>Pronto har\u00e1 3 a\u00f1os de la lucha contra el bulevar. Una lucha que desbord\u00f3 nuestro barrio, llenando calles de muchas ciudades en solidaridad con nuestras protestas contra la corrupci\u00f3n, el autoritarismo y los abusos policiales. Una vez m\u00e1s, nuestro barrio consigui\u00f3 doblarle el brazo al poder y conseguir una victoria. Pero, 3 a\u00f1os despu\u00e9s, todav\u00ed\u00ada 18 personas siguen pendientes de juicio, sin tener claro cu\u00e1l puede ser su futuro. La acusaci\u00f3n pide entre 18 y 30 meses de prisi\u00f3n para cada una, y m\u00e1s de 50.000 \u00e2\u201a\u00ac a todas ellas.<\/p>\n<p>Tenemos que recordar que en aquellos d\u00ed\u00adas todos, todas, march\u00e1bamos al un\u00ed\u00adsono. Que, pese a las detenciones y los abusos, segu\u00ed\u00adamos saliendo a la calle d\u00ed\u00ada tras d\u00ed\u00ada. Y tambi\u00e9n que las detenciones se produjeron en un clima de ocupaci\u00f3n policial, de caza de vecinos y vecinas, de se\u00f1alamiento a las m\u00e1s j\u00f3venes, y de arbitrariedad. Las fuerzas antidisturbios acosaban, golpeaban y deten\u00ed\u00adan con impunidad. El delito era estar s\u00f3lo, estar s\u00f3la, f\u00e1cil de capturar, encontrarse en el momento y lugar equivocado seg\u00fan el criterio de los uniformados.<\/p>\n<p>Por todo ello queremos seguir mostrando nuestro apoyo a todos los vecinos y vecinas que siguen pendientes de un proceso judicial, 3 a\u00f1os despu\u00e9s. Decirles que no est\u00e1n solas, que hay un barrio que los arropa y que no toleraremos que trunquen sus vidas. Que no nos avergonzamos de haber luchado con toda nuestra alma. Que un alcalde t\u00ed\u00adtere de un constructor no nos amedrenta, aunque nos se\u00f1alen con mentiras desde un periodicucho. Estaremos con nuestras encausadas hasta el final, exigiendo su absoluci\u00f3n.<\/p>\n<p style=\"text-align: left;\"><strong>\u00a0Asamblea de Gamonal<br \/>\n<\/strong><\/p>\n","protected":false},"excerpt":{"rendered":"<p>Publicamos a continuaci\u00f3n el comunicado que est\u00e1 difundiendo la Asamblea de Gamonal, colectivo vecinal que ha programado para esta semana diversas actividades con las que celebrar el tercer aniversario de la revuelta vecinal que protagoniz\u00f3 Gamonal en enero de 2014. Entre las diferentes iniciativas, destaca la concentraci\u00f3n que tendr\u00e1 lugar el s\u00e1bado 14 de enero&#8230;  <a href=\"https:\/\/diariodevurgos.com\/dvwps\/gamonal-3-anos-despues-con-nuestras-encausadas-hasta-el-final.php\" class=\"more-link\" title=\"Read Gamonal, 3 a\u00f1os despu\u00e9s: con nuestras encausadas hasta el final\">Read more &raquo;<\/a><\/p>\n","protected":false},"author":2,"featured_media":0,"comment_status":"open","ping_status":"closed","sticky":false,"template":"","format":"standard","meta":[],"categories":[75,74,2,57,27,49,7],"tags":[],"_links":{"self":[{"href":"https:\/\/diariodevurgos.com\/dvwps\/wp-json\/wp\/v2\/posts\/17344"}],"collection":[{"href":"https:\/\/diariodevurgos.com\/dvwps\/wp-json\/wp\/v2\/posts"}],"about":[{"href":"https:\/\/diariodevurgos.com\/dvwps\/wp-json\/wp\/v2\/types\/post"}],"author":[{"embeddable":true,"href":"https:\/\/diariodevurgos.com\/dvwps\/wp-json\/wp\/v2\/users\/2"}],"replies":[{"embeddable":true,"href":"https:\/\/diariodevurgos.com\/dvwps\/wp-json\/wp\/v2\/comments?post=17344"}],"version-history":[{"count":6,"href":"https:\/\/diariodevurgos.com\/dvwps\/wp-json\/wp\/v2\/posts\/17344\/revisions"}],"predecessor-version":[{"id":17350,"href":"https:\/\/diariodevurgos.com\/dvwps\/wp-json\/wp\/v2\/posts\/17344\/revisions\/17350"}],"wp:attachment":[{"href":"https:\/\/diariodevurgos.com\/dvwps\/wp-json\/wp\/v2\/media?parent=17344"}],"wp:term":[{"taxonomy":"category","embeddable":true,"href":"https:\/\/diariodevurgos.com\/dvwps\/wp-json\/wp\/v2\/categories?post=17344"},{"taxonomy":"post_tag","embeddable":true,"href":"https:\/\/diariodevurgos.com\/dvwps\/wp-json\/wp\/v2\/tags?post=17344"}],"curies":[{"name":"wp","href":"https:\/\/api.w.org\/{rel}","templated":true}]}}