{"id":17453,"date":"2017-01-28T09:36:26","date_gmt":"2017-01-28T08:36:26","guid":{"rendered":"http:\/\/diariodevurgos.com\/dvwps\/?p=17453"},"modified":"2017-01-28T09:37:43","modified_gmt":"2017-01-28T08:37:43","slug":"gran-gala-promekal-x-aniversario-diario-de-vurgos","status":"publish","type":"post","link":"https:\/\/diariodevurgos.com\/dvwps\/gran-gala-promekal-x-aniversario-diario-de-vurgos.php","title":{"rendered":"Gran Gala Promekal X Aniversario Diario de Vurgos"},"content":{"rendered":"<p class=\"lead\">Hoy, <strong>s\u00e1bado 28 de enero de 2017<\/strong>, es el gran d\u00ed\u00ada. El <em><strong>Grupo Promekal<\/strong><\/em> tiene el honor de presentar la <strong>Gran Gala X Aniversario Diario de Vurgos<\/strong>, un evento cargado de actuaciones, mon\u00f3logos, m\u00fasica en directo, teatro, espect\u00e1culos de m\u00e1gia, circo y muchas sorepresas m\u00e1s&#8230;que dar\u00e1n comienzo a las <strong>20:00 horas<\/strong> en el <strong>CSR Gamonal.<\/strong> y todo ello amenizado por unas variopintas presentadoras que no dejar\u00e1n indiferentes a nadie. Una vel\u00e1da con la que compartir con tod@s vosotr@s estos <a href=\"http:\/\/diariodevurgos.com\/dvwps\/una-decada-de-comunicacion-horizontal-x-aniversario-de-diario-de-vurgos.php\">10 a\u00f1os de andadura<\/a> y en la que<a href=\"https:\/\/www.youtube.com\/watch?v=4t9eJgBBpXE\"> se espera la presencia de Antonio Miguel M\u00e9ndez Pozo<\/a>, y otros ilustres invitados, para presidir el palco de honor. As\u00ed\u00ad que, si <em>El Jefe<\/em> viene, no puedes faltar t\u00fa.<\/p>\n<p style=\"text-align: center;\"><img loading=\"lazy\" class=\"alignnone \" src=\"http:\/\/csrgamonal.ga\/wp-content\/uploads\/2017\/01\/galaReducido.png\" width=\"382\" height=\"540\" \/><\/p>\n","protected":false},"excerpt":{"rendered":"<p>Hoy, s\u00e1bado 28 de enero de 2017, es el gran d\u00ed\u00ada. El Grupo Promekal tiene el honor de presentar la Gran Gala X Aniversario Diario de Vurgos, un evento cargado de actuaciones, mon\u00f3logos, m\u00fasica en directo, teatro, espect\u00e1culos de m\u00e1gia, circo y muchas sorepresas m\u00e1s&#8230;que dar\u00e1n comienzo a las 20:00 horas en el CSR Gamonal&#8230;.  <a href=\"https:\/\/diariodevurgos.com\/dvwps\/gran-gala-promekal-x-aniversario-diario-de-vurgos.php\" class=\"more-link\" title=\"Read Gran Gala Promekal X Aniversario Diario de Vurgos\">Read more &raquo;<\/a><\/p>\n","protected":false},"author":2,"featured_media":0,"comment_status":"open","ping_status":"closed","sticky":false,"template":"","format":"standard","meta":[],"categories":[2,57,16,67,105],"tags":[],"_links":{"self":[{"href":"https:\/\/diariodevurgos.com\/dvwps\/wp-json\/wp\/v2\/posts\/17453"}],"collection":[{"href":"https:\/\/diariodevurgos.com\/dvwps\/wp-json\/wp\/v2\/posts"}],"about":[{"href":"https:\/\/diariodevurgos.com\/dvwps\/wp-json\/wp\/v2\/types\/post"}],"author":[{"embeddable":true,"href":"https:\/\/diariodevurgos.com\/dvwps\/wp-json\/wp\/v2\/users\/2"}],"replies":[{"embeddable":true,"href":"https:\/\/diariodevurgos.com\/dvwps\/wp-json\/wp\/v2\/comments?post=17453"}],"version-history":[{"count":3,"href":"https:\/\/diariodevurgos.com\/dvwps\/wp-json\/wp\/v2\/posts\/17453\/revisions"}],"predecessor-version":[{"id":17456,"href":"https:\/\/diariodevurgos.com\/dvwps\/wp-json\/wp\/v2\/posts\/17453\/revisions\/17456"}],"wp:attachment":[{"href":"https:\/\/diariodevurgos.com\/dvwps\/wp-json\/wp\/v2\/media?parent=17453"}],"wp:term":[{"taxonomy":"category","embeddable":true,"href":"https:\/\/diariodevurgos.com\/dvwps\/wp-json\/wp\/v2\/categories?post=17453"},{"taxonomy":"post_tag","embeddable":true,"href":"https:\/\/diariodevurgos.com\/dvwps\/wp-json\/wp\/v2\/tags?post=17453"}],"curies":[{"name":"wp","href":"https:\/\/api.w.org\/{rel}","templated":true}]}}