{"id":17502,"date":"2017-02-01T08:43:47","date_gmt":"2017-02-01T07:43:47","guid":{"rendered":"http:\/\/diariodevurgos.com\/dvwps\/?p=17502"},"modified":"2017-02-02T10:59:36","modified_gmt":"2017-02-02T09:59:36","slug":"picoteo-solidario-con-los-encausados-por-la-lucha-contra-el-bulevard","status":"publish","type":"post","link":"https:\/\/diariodevurgos.com\/dvwps\/picoteo-solidario-con-los-encausados-por-la-lucha-contra-el-bulevard.php","title":{"rendered":"Picoteo solidario con los encausados por la lucha contra el bulevard"},"content":{"rendered":"<p class=\"lead\">La <a href=\"https:\/\/gamonalniunpasoatras.wordpress.com\/\">Asamblea de Gamonal<\/a> organiza para este <strong>s\u00e1bado 4 de febrero<\/strong> un picoteo solidario para recaudar fondos en apoyo a las personas represaliadas durante las protestas contra la construcci\u00f3n del bulevar en enero de 2014. Las vistas orales del proceso abierto a 12 de las 18 personas que contin\u00faan procesadas dar\u00e1 comienzo los primeros durante los primeros d\u00ed\u00adas del mes de marzo. La iniciativa dar\u00e1 comienzo a partir de las<strong> 12:00 horas<\/strong> en la <em><strong>Zona Cero<\/strong><\/em>, intersecci\u00f3n de la <strong>calle Vitoria con Santa B\u00e1rbara.<\/strong><\/p>\n<p style=\"text-align: center;\"><img loading=\"lazy\" class=\"aligncenter  wp-image-17508\" src=\"http:\/\/diariodevurgos.com\/dvwps\/wp-content\/uploads\/2017\/02\/C3nOnxpWAAQwDDq.jpg\" alt=\"\" width=\"452\" height=\"319\" srcset=\"https:\/\/diariodevurgos.com\/dvwps\/wp-content\/uploads\/2017\/02\/C3nOnxpWAAQwDDq.jpg 360w, https:\/\/diariodevurgos.com\/dvwps\/wp-content\/uploads\/2017\/02\/C3nOnxpWAAQwDDq-300x212.jpg 300w, https:\/\/diariodevurgos.com\/dvwps\/wp-content\/uploads\/2017\/02\/C3nOnxpWAAQwDDq-100x71.jpg 100w, https:\/\/diariodevurgos.com\/dvwps\/wp-content\/uploads\/2017\/02\/C3nOnxpWAAQwDDq-150x106.jpg 150w, https:\/\/diariodevurgos.com\/dvwps\/wp-content\/uploads\/2017\/02\/C3nOnxpWAAQwDDq-200x141.jpg 200w\" sizes=\"(max-width: 452px) 100vw, 452px\" \/><\/p>\n<p style=\"text-align: left;\"><strong>ACTUALIZADO 02\/02\/2017:<\/strong> Debido a las inclemencias atmosf\u00e9ricas previstas para el s\u00e1bado 4 de febrero se suspende el picoteo queda suspendido. Se propone realizarlo el s\u00e1bado <strong>18 de febrero<\/strong><\/p>\n<p style=\"text-align: center;\">\n","protected":false},"excerpt":{"rendered":"<p>La Asamblea de Gamonal organiza para este s\u00e1bado 4 de febrero un picoteo solidario para recaudar fondos en apoyo a las personas represaliadas durante las protestas contra la construcci\u00f3n del bulevar en enero de 2014. Las vistas orales del proceso abierto a 12 de las 18 personas que contin\u00faan procesadas dar\u00e1 comienzo los primeros durante&#8230;  <a href=\"https:\/\/diariodevurgos.com\/dvwps\/picoteo-solidario-con-los-encausados-por-la-lucha-contra-el-bulevard.php\" class=\"more-link\" title=\"Read Picoteo solidario con los encausados por la lucha contra el bulevard\">Read more &raquo;<\/a><\/p>\n","protected":false},"author":2,"featured_media":0,"comment_status":"open","ping_status":"closed","sticky":false,"template":"","format":"standard","meta":[],"categories":[75,74,2,57,27],"tags":[],"_links":{"self":[{"href":"https:\/\/diariodevurgos.com\/dvwps\/wp-json\/wp\/v2\/posts\/17502"}],"collection":[{"href":"https:\/\/diariodevurgos.com\/dvwps\/wp-json\/wp\/v2\/posts"}],"about":[{"href":"https:\/\/diariodevurgos.com\/dvwps\/wp-json\/wp\/v2\/types\/post"}],"author":[{"embeddable":true,"href":"https:\/\/diariodevurgos.com\/dvwps\/wp-json\/wp\/v2\/users\/2"}],"replies":[{"embeddable":true,"href":"https:\/\/diariodevurgos.com\/dvwps\/wp-json\/wp\/v2\/comments?post=17502"}],"version-history":[{"count":3,"href":"https:\/\/diariodevurgos.com\/dvwps\/wp-json\/wp\/v2\/posts\/17502\/revisions"}],"predecessor-version":[{"id":17510,"href":"https:\/\/diariodevurgos.com\/dvwps\/wp-json\/wp\/v2\/posts\/17502\/revisions\/17510"}],"wp:attachment":[{"href":"https:\/\/diariodevurgos.com\/dvwps\/wp-json\/wp\/v2\/media?parent=17502"}],"wp:term":[{"taxonomy":"category","embeddable":true,"href":"https:\/\/diariodevurgos.com\/dvwps\/wp-json\/wp\/v2\/categories?post=17502"},{"taxonomy":"post_tag","embeddable":true,"href":"https:\/\/diariodevurgos.com\/dvwps\/wp-json\/wp\/v2\/tags?post=17502"}],"curies":[{"name":"wp","href":"https:\/\/api.w.org\/{rel}","templated":true}]}}