{"id":17541,"date":"2017-02-07T20:00:41","date_gmt":"2017-02-07T19:00:41","guid":{"rendered":"http:\/\/diariodevurgos.com\/dvwps\/?p=17541"},"modified":"2017-02-07T18:21:33","modified_gmt":"2017-02-07T17:21:33","slug":"entrevista-audiovisual-con-marcos-erro-y-jose-medina-autores-de-gamonal-la-historia-desde-abajo","status":"publish","type":"post","link":"https:\/\/diariodevurgos.com\/dvwps\/entrevista-audiovisual-con-marcos-erro-y-jose-medina-autores-de-gamonal-la-historia-desde-abajo.php","title":{"rendered":"Entrevista audiovisual con Marcos Erro y Jos\u00e9 Medina autores de &#8220;Gamonal, la historia desde abajo&#8221;\u009d"},"content":{"rendered":"<p class=\"lead\">Recientemente ha sido publicado <a href=\"https:\/\/gamonaldesdeabajo.org\/\"><em>Gamonal, la historia desde abajo,<\/em><\/a> un libro que realiza un recorrido sobre la historia de Gamonal, una peque\u00f1a localidad rural a orillas del r\u00ed\u00ado Pico que a mediados del siglo XX es anexionada por Burgos convirti\u00e9ndose posteriormente en uno de los barrios obreros m\u00e1s poblados de la ciudad que ser\u00e1 escenario de varios conflictos sociales. <strong>Burgos Dijital<\/strong> y <strong>Diario de Vurgos<\/strong> han realizado de forma conjunta esta entrevista audiovisual con <a href=\"http:\/\/ondaexpansiva.net\/gamonal-la-historia-desde-abajo\/\">Marcos Erro y Jos\u00e9 Medina<\/a> en la que los autores exponen algunas de las claves que permiten comprender todo lo que subyace por debajo de &#8220;la punta del iceberg&#8221;\u009d que supuso el conflicto de Gamonal de enero de 2014.<\/p>\n<p>[youtube]MtS9YiWH8e0&amp;feature=youtu.be[\/youtube]<\/p>\n","protected":false},"excerpt":{"rendered":"<p>Recientemente ha sido publicado Gamonal, la historia desde abajo, un libro que realiza un recorrido sobre la historia de Gamonal, una peque\u00f1a localidad rural a orillas del r\u00ed\u00ado Pico que a mediados del siglo XX es anexionada por Burgos convirti\u00e9ndose posteriormente en uno de los barrios obreros m\u00e1s poblados de la ciudad que ser\u00e1 escenario&#8230;  <a href=\"https:\/\/diariodevurgos.com\/dvwps\/entrevista-audiovisual-con-marcos-erro-y-jose-medina-autores-de-gamonal-la-historia-desde-abajo.php\" class=\"more-link\" title=\"Read Entrevista audiovisual con Marcos Erro y Jos\u00e9 Medina autores de &#8220;Gamonal, la historia desde abajo&#8221;\u009d\">Read more &raquo;<\/a><\/p>\n","protected":false},"author":2,"featured_media":0,"comment_status":"open","ping_status":"closed","sticky":false,"template":"","format":"standard","meta":[],"categories":[2,103,33,27,6,30,79,8,15],"tags":[],"_links":{"self":[{"href":"https:\/\/diariodevurgos.com\/dvwps\/wp-json\/wp\/v2\/posts\/17541"}],"collection":[{"href":"https:\/\/diariodevurgos.com\/dvwps\/wp-json\/wp\/v2\/posts"}],"about":[{"href":"https:\/\/diariodevurgos.com\/dvwps\/wp-json\/wp\/v2\/types\/post"}],"author":[{"embeddable":true,"href":"https:\/\/diariodevurgos.com\/dvwps\/wp-json\/wp\/v2\/users\/2"}],"replies":[{"embeddable":true,"href":"https:\/\/diariodevurgos.com\/dvwps\/wp-json\/wp\/v2\/comments?post=17541"}],"version-history":[{"count":2,"href":"https:\/\/diariodevurgos.com\/dvwps\/wp-json\/wp\/v2\/posts\/17541\/revisions"}],"predecessor-version":[{"id":17543,"href":"https:\/\/diariodevurgos.com\/dvwps\/wp-json\/wp\/v2\/posts\/17541\/revisions\/17543"}],"wp:attachment":[{"href":"https:\/\/diariodevurgos.com\/dvwps\/wp-json\/wp\/v2\/media?parent=17541"}],"wp:term":[{"taxonomy":"category","embeddable":true,"href":"https:\/\/diariodevurgos.com\/dvwps\/wp-json\/wp\/v2\/categories?post=17541"},{"taxonomy":"post_tag","embeddable":true,"href":"https:\/\/diariodevurgos.com\/dvwps\/wp-json\/wp\/v2\/tags?post=17541"}],"curies":[{"name":"wp","href":"https:\/\/api.w.org\/{rel}","templated":true}]}}