{"id":17571,"date":"2017-02-15T16:54:43","date_gmt":"2017-02-15T15:54:43","guid":{"rendered":"http:\/\/diariodevurgos.com\/dvwps\/?p=17571"},"modified":"2017-03-03T17:40:41","modified_gmt":"2017-03-03T16:40:41","slug":"taller-de-debate-libertario-el-anarquismo-que-viene","status":"publish","type":"post","link":"https:\/\/diariodevurgos.com\/dvwps\/taller-de-debate-libertario-el-anarquismo-que-viene.php","title":{"rendered":"Taller de debate libertario. El anarquismo que viene"},"content":{"rendered":"<p class=\"lead\">Qui\u00e9n puede anticipar c\u00f3mo ser\u00e1 el anarquismo que viene?<\/p>\n<p>Nadie, por supuesto. Sin embargo, s\u00ed\u00ad existe una raz\u00f3n de principio que nos permite afirmar con total seguridad que ese anarquismo que viene, y que ya est\u00e1 asomando su rostro, ser\u00e1 necesariamente diferente del anarquismo que hemos heredado y que hoy conocemos.<\/p>\n<p><!--more--><\/p>\n<p>Para introducir el debate utilizaremos el texto aparecido en la revista &#8220;Libre Pensamiento&#8221;\u009d n.\u00ba 88 de Tomas Iba\u00f1ez que puede ser descargado a trav\u00e9s del<a href=\"http:\/\/www.cgtburgos.org\/attachments\/1184_Texto%20_El%20anarquismo%20que%20viene.pdf\"> siguiente enlace. <\/a>La previa lectura y comprensi\u00f3n del texto es importante para el desarrollo del debate que se desarrollar\u00e1 el <strong>viernes 17 de febrero<\/strong> a las <strong>19:00 horas<\/strong> en la sala &#8220;Solidaridad Obrera&#8221;\u009d del local de CGT situado en calle Calera n\u00famero 12.<\/p>\n<p style=\"text-align: center;\"><img loading=\"lazy\" class=\"alignnone \" src=\"http:\/\/www.cgtburgos.org\/images\/stories\/logo%20hilo.jpg\" width=\"224\" height=\"295\" \/><\/p>\n<p>&nbsp;<\/p>\n","protected":false},"excerpt":{"rendered":"<p>Qui\u00e9n puede anticipar c\u00f3mo ser\u00e1 el anarquismo que viene? Nadie, por supuesto. Sin embargo, s\u00ed\u00ad existe una raz\u00f3n de principio que nos permite afirmar con total seguridad que ese anarquismo que viene, y que ya est\u00e1 asomando su rostro, ser\u00e1 necesariamente diferente del anarquismo que hemos heredado y que hoy conocemos.<\/p>\n","protected":false},"author":2,"featured_media":17687,"comment_status":"open","ping_status":"closed","sticky":false,"template":"","format":"standard","meta":[],"categories":[2,57,79,7],"tags":[],"_links":{"self":[{"href":"https:\/\/diariodevurgos.com\/dvwps\/wp-json\/wp\/v2\/posts\/17571"}],"collection":[{"href":"https:\/\/diariodevurgos.com\/dvwps\/wp-json\/wp\/v2\/posts"}],"about":[{"href":"https:\/\/diariodevurgos.com\/dvwps\/wp-json\/wp\/v2\/types\/post"}],"author":[{"embeddable":true,"href":"https:\/\/diariodevurgos.com\/dvwps\/wp-json\/wp\/v2\/users\/2"}],"replies":[{"embeddable":true,"href":"https:\/\/diariodevurgos.com\/dvwps\/wp-json\/wp\/v2\/comments?post=17571"}],"version-history":[{"count":3,"href":"https:\/\/diariodevurgos.com\/dvwps\/wp-json\/wp\/v2\/posts\/17571\/revisions"}],"predecessor-version":[{"id":17688,"href":"https:\/\/diariodevurgos.com\/dvwps\/wp-json\/wp\/v2\/posts\/17571\/revisions\/17688"}],"wp:featuredmedia":[{"embeddable":true,"href":"https:\/\/diariodevurgos.com\/dvwps\/wp-json\/wp\/v2\/media\/17687"}],"wp:attachment":[{"href":"https:\/\/diariodevurgos.com\/dvwps\/wp-json\/wp\/v2\/media?parent=17571"}],"wp:term":[{"taxonomy":"category","embeddable":true,"href":"https:\/\/diariodevurgos.com\/dvwps\/wp-json\/wp\/v2\/categories?post=17571"},{"taxonomy":"post_tag","embeddable":true,"href":"https:\/\/diariodevurgos.com\/dvwps\/wp-json\/wp\/v2\/tags?post=17571"}],"curies":[{"name":"wp","href":"https:\/\/api.w.org\/{rel}","templated":true}]}}