{"id":17606,"date":"2017-02-24T17:51:13","date_gmt":"2017-02-24T16:51:13","guid":{"rendered":"http:\/\/diariodevurgos.com\/dvwps\/?p=17606"},"modified":"2017-03-03T17:09:37","modified_gmt":"2017-03-03T16:09:37","slug":"sobre-el-espacio-joven-de-gamonal","status":"publish","type":"post","link":"https:\/\/diariodevurgos.com\/dvwps\/sobre-el-espacio-joven-de-gamonal.php","title":{"rendered":"Sobre el Espacio Joven de Gamonal"},"content":{"rendered":"<p class=\"lead\">La prensa publica hoy que el <a href=\"http:\/\/burgosconecta.es\/2017\/02\/24\/el-espacio-joven-se-queda-en-gamonal-y-se-buscaran-contenidos-para-la-estacion\/\">Espacio Joven de Gamonal no sera trasladado<\/a> a la antigua estaci\u00f3n del ferrocarril.<\/p>\n<p>Hace poco mas de un mes los cuatro partidos con representaci\u00f3n municipal acordaban una mesa de negociaci\u00f3n para trasladar este espacio. Debido a la fuerte oposici\u00f3n entre los vecinos y la previsi\u00f3n de movilizaciones han decidido no trasladarlo. Muchas reflexiones colectivas podemos aprender de como act\u00faan los pol\u00ed\u00adticos.<\/p>\n<p><!--more--><\/p>\n<p><img loading=\"lazy\" class=\"aligncenter wp-image-17607\" src=\"http:\/\/diariodevurgos.com\/dvwps\/wp-content\/uploads\/2017\/02\/entrada_mercado_g9.jpg\" alt=\"\" width=\"350\" height=\"262\" srcset=\"https:\/\/diariodevurgos.com\/dvwps\/wp-content\/uploads\/2017\/02\/entrada_mercado_g9.jpg 960w, https:\/\/diariodevurgos.com\/dvwps\/wp-content\/uploads\/2017\/02\/entrada_mercado_g9-300x225.jpg 300w, https:\/\/diariodevurgos.com\/dvwps\/wp-content\/uploads\/2017\/02\/entrada_mercado_g9-768x576.jpg 768w, https:\/\/diariodevurgos.com\/dvwps\/wp-content\/uploads\/2017\/02\/entrada_mercado_g9-100x75.jpg 100w, https:\/\/diariodevurgos.com\/dvwps\/wp-content\/uploads\/2017\/02\/entrada_mercado_g9-150x113.jpg 150w, https:\/\/diariodevurgos.com\/dvwps\/wp-content\/uploads\/2017\/02\/entrada_mercado_g9-200x150.jpg 200w, https:\/\/diariodevurgos.com\/dvwps\/wp-content\/uploads\/2017\/02\/entrada_mercado_g9-450x338.jpg 450w, https:\/\/diariodevurgos.com\/dvwps\/wp-content\/uploads\/2017\/02\/entrada_mercado_g9-600x450.jpg 600w, https:\/\/diariodevurgos.com\/dvwps\/wp-content\/uploads\/2017\/02\/entrada_mercado_g9-900x675.jpg 900w\" sizes=\"(max-width: 350px) 100vw, 350px\" \/><br \/>\nDurante estas semanas hemos vuelto a ver el espect\u00e1culo lamentable de los pol\u00ed\u00adticos de nuestra ciudad. Como han tra\u00ed\u00addo al barrio un problema que no exist\u00ed\u00ada para dividir y enfrentar a unos vecinos contra otros.<\/p>\n<p><strong>Como todos los pol\u00ed\u00adticos crean un problema donde no le hay&#8230;<\/strong><\/p>\n<p>Nada justifica que para la creaci\u00f3n de un equipamiento en la antigua estaci\u00f3n del ferrocarril tengas que cerrar uno que ya esta en uso. Solo se puede entender en la linea hist\u00f3rica que el ayuntamiento siempre ha mantenido con gamonal, de mal trato y menosprecio por su cultura luchadora y contestar\u00ed\u00ada.<\/p>\n<p>Esta idea nefasta es acordada por Partido Popular, Imagina Burgos, PSOE y Ciudadanos. Esta decisi\u00f3n crea mucha crispaci\u00f3n entre los vecinos y comienzan a moverse.<\/p>\n<p>En diferentes actos p\u00fablicos sobre este tema hemos visto como todos los pol\u00ed\u00adticos utilizaban la mentira y no daban la cara. Ante la critica de los vecinos cambiaban el discurso o intentaban salir por cualquier tangente.<\/p>\n<p>Sus actuaciones han dividido a los vecinos, enfrentando unos contra otros por cuestiones ego\u00ed\u00adstas o materiales. Ofreciendo algunas asociaciones la gesti\u00f3n de ese espacio y a otras no.<\/p>\n<p>Hemos visto como han manchado la palabra autogesti\u00f3n, que otros colectivos practican en el barrio,\u00a0 y que nada tiene que ver con ser financiado y dirigido por una instituci\u00f3n.<\/p>\n<p>Si queremos un barrio mas digno solo puede ser al margen y contra esta clase par\u00e1sita, que apoltronados en sus sillones, sus sueldos y sus privilegios, cegados por el poder de gestionar las migajas que le deja el capital, solo representan un estorbo en el entendimiento entre los vecinos.<\/p>\n<p>Ahora muchos politicuchos van de salvadores del espacio joven de gamonal. Primero crean un problema y luego lo solucionan. Tienen una cara para cada situaci\u00f3n.<\/p>\n<p><strong>Las asambleas entre vecinos nos unen, que no nos dividan los pol\u00ed\u00adticos y sus maniobras<\/strong>.<\/p>\n","protected":false},"excerpt":{"rendered":"<p>La prensa publica hoy que el Espacio Joven de Gamonal no sera trasladado a la antigua estaci\u00f3n del ferrocarril. Hace poco mas de un mes los cuatro partidos con representaci\u00f3n municipal acordaban una mesa de negociaci\u00f3n para trasladar este espacio. Debido a la fuerte oposici\u00f3n entre los vecinos y la previsi\u00f3n de movilizaciones han decidido&#8230;  <a href=\"https:\/\/diariodevurgos.com\/dvwps\/sobre-el-espacio-joven-de-gamonal.php\" class=\"more-link\" title=\"Read Sobre el Espacio Joven de Gamonal\">Read more &raquo;<\/a><\/p>\n","protected":false},"author":21,"featured_media":17607,"comment_status":"open","ping_status":"closed","sticky":false,"template":"","format":"gallery","meta":[],"categories":[2],"tags":[],"_links":{"self":[{"href":"https:\/\/diariodevurgos.com\/dvwps\/wp-json\/wp\/v2\/posts\/17606"}],"collection":[{"href":"https:\/\/diariodevurgos.com\/dvwps\/wp-json\/wp\/v2\/posts"}],"about":[{"href":"https:\/\/diariodevurgos.com\/dvwps\/wp-json\/wp\/v2\/types\/post"}],"author":[{"embeddable":true,"href":"https:\/\/diariodevurgos.com\/dvwps\/wp-json\/wp\/v2\/users\/21"}],"replies":[{"embeddable":true,"href":"https:\/\/diariodevurgos.com\/dvwps\/wp-json\/wp\/v2\/comments?post=17606"}],"version-history":[{"count":3,"href":"https:\/\/diariodevurgos.com\/dvwps\/wp-json\/wp\/v2\/posts\/17606\/revisions"}],"predecessor-version":[{"id":17668,"href":"https:\/\/diariodevurgos.com\/dvwps\/wp-json\/wp\/v2\/posts\/17606\/revisions\/17668"}],"wp:featuredmedia":[{"embeddable":true,"href":"https:\/\/diariodevurgos.com\/dvwps\/wp-json\/wp\/v2\/media\/17607"}],"wp:attachment":[{"href":"https:\/\/diariodevurgos.com\/dvwps\/wp-json\/wp\/v2\/media?parent=17606"}],"wp:term":[{"taxonomy":"category","embeddable":true,"href":"https:\/\/diariodevurgos.com\/dvwps\/wp-json\/wp\/v2\/categories?post=17606"},{"taxonomy":"post_tag","embeddable":true,"href":"https:\/\/diariodevurgos.com\/dvwps\/wp-json\/wp\/v2\/tags?post=17606"}],"curies":[{"name":"wp","href":"https:\/\/api.w.org\/{rel}","templated":true}]}}