{"id":17638,"date":"2017-03-03T08:38:25","date_gmt":"2017-03-03T07:38:25","guid":{"rendered":"http:\/\/diariodevurgos.com\/dvwps\/?p=17638"},"modified":"2017-03-04T10:08:36","modified_gmt":"2017-03-04T09:08:36","slug":"presentacion-de-las-i-jornadas-por-la-autogestion-de-la-salud","status":"publish","type":"post","link":"https:\/\/diariodevurgos.com\/dvwps\/presentacion-de-las-i-jornadas-por-la-autogestion-de-la-salud.php","title":{"rendered":"Presentaci\u00f3n de las I Jornadas por la Autogesti\u00f3n de la Salud"},"content":{"rendered":"<p class=\"lead\">Este<strong> s\u00e1bado 4 de marzo <\/strong>se llevar\u00e1 a cabo la presentaci\u00f3n p\u00fablica de las <strong>I Jornadas por la Autogesti\u00f3n de la Salud<\/strong>, una iniciativa con la que se pretende compartir saberes y experiencias en torno a la salud. Las jornadas, que se extender\u00e1n a lo largo de todo el mes de marzo y parte del de abril y contar\u00e1n con una gran diversidad de actividades que se desarrollar\u00e1n en varios espacios situados en el barrio de Gamonal como la <strong>Biblioteca\u00a0 La Maldita,<\/strong> donde se realizar\u00e1 un comedor de presentaci\u00f3n este s\u00e1bado 4 a partir de las <strong>14:30 horas<\/strong>, y el <strong>Centro Social Recuperado de Gamonal<\/strong>, que tambi\u00e9n acoger\u00e1 algunas de las sesiones de estas jornadas.<\/p>\n<p style=\"text-align: center;\"><img loading=\"lazy\" class=\"aligncenter wp-image-17639\" src=\"http:\/\/diariodevurgos.com\/dvwps\/wp-content\/uploads\/2017\/03\/IMG_2126-724x1024.jpg\" alt=\"\" width=\"427\" height=\"604\" srcset=\"https:\/\/diariodevurgos.com\/dvwps\/wp-content\/uploads\/2017\/03\/IMG_2126-724x1024.jpg 724w, https:\/\/diariodevurgos.com\/dvwps\/wp-content\/uploads\/2017\/03\/IMG_2126-212x300.jpg 212w, https:\/\/diariodevurgos.com\/dvwps\/wp-content\/uploads\/2017\/03\/IMG_2126-768x1086.jpg 768w, https:\/\/diariodevurgos.com\/dvwps\/wp-content\/uploads\/2017\/03\/IMG_2126-100x141.jpg 100w, https:\/\/diariodevurgos.com\/dvwps\/wp-content\/uploads\/2017\/03\/IMG_2126-150x212.jpg 150w, https:\/\/diariodevurgos.com\/dvwps\/wp-content\/uploads\/2017\/03\/IMG_2126-200x283.jpg 200w, https:\/\/diariodevurgos.com\/dvwps\/wp-content\/uploads\/2017\/03\/IMG_2126-300x424.jpg 300w, https:\/\/diariodevurgos.com\/dvwps\/wp-content\/uploads\/2017\/03\/IMG_2126-450x637.jpg 450w, https:\/\/diariodevurgos.com\/dvwps\/wp-content\/uploads\/2017\/03\/IMG_2126-600x849.jpg 600w, https:\/\/diariodevurgos.com\/dvwps\/wp-content\/uploads\/2017\/03\/IMG_2126-900x1273.jpg 900w, https:\/\/diariodevurgos.com\/dvwps\/wp-content\/uploads\/2017\/03\/IMG_2126.jpg 1131w\" sizes=\"(max-width: 427px) 100vw, 427px\" \/><\/p>\n","protected":false},"excerpt":{"rendered":"<p>Este s\u00e1bado 4 de marzo se llevar\u00e1 a cabo la presentaci\u00f3n p\u00fablica de las I Jornadas por la Autogesti\u00f3n de la Salud, una iniciativa con la que se pretende compartir saberes y experiencias en torno a la salud. Las jornadas, que se extender\u00e1n a lo largo de todo el mes de marzo y parte del&#8230;  <a href=\"https:\/\/diariodevurgos.com\/dvwps\/presentacion-de-las-i-jornadas-por-la-autogestion-de-la-salud.php\" class=\"more-link\" title=\"Read Presentaci\u00f3n de las I Jornadas por la Autogesti\u00f3n de la Salud\">Read more &raquo;<\/a><\/p>\n","protected":false},"author":2,"featured_media":17657,"comment_status":"open","ping_status":"closed","sticky":false,"template":"","format":"standard","meta":[],"categories":[61,2,57,78,14,27,26,47],"tags":[],"_links":{"self":[{"href":"https:\/\/diariodevurgos.com\/dvwps\/wp-json\/wp\/v2\/posts\/17638"}],"collection":[{"href":"https:\/\/diariodevurgos.com\/dvwps\/wp-json\/wp\/v2\/posts"}],"about":[{"href":"https:\/\/diariodevurgos.com\/dvwps\/wp-json\/wp\/v2\/types\/post"}],"author":[{"embeddable":true,"href":"https:\/\/diariodevurgos.com\/dvwps\/wp-json\/wp\/v2\/users\/2"}],"replies":[{"embeddable":true,"href":"https:\/\/diariodevurgos.com\/dvwps\/wp-json\/wp\/v2\/comments?post=17638"}],"version-history":[{"count":1,"href":"https:\/\/diariodevurgos.com\/dvwps\/wp-json\/wp\/v2\/posts\/17638\/revisions"}],"predecessor-version":[{"id":17640,"href":"https:\/\/diariodevurgos.com\/dvwps\/wp-json\/wp\/v2\/posts\/17638\/revisions\/17640"}],"wp:featuredmedia":[{"embeddable":true,"href":"https:\/\/diariodevurgos.com\/dvwps\/wp-json\/wp\/v2\/media\/17657"}],"wp:attachment":[{"href":"https:\/\/diariodevurgos.com\/dvwps\/wp-json\/wp\/v2\/media?parent=17638"}],"wp:term":[{"taxonomy":"category","embeddable":true,"href":"https:\/\/diariodevurgos.com\/dvwps\/wp-json\/wp\/v2\/categories?post=17638"},{"taxonomy":"post_tag","embeddable":true,"href":"https:\/\/diariodevurgos.com\/dvwps\/wp-json\/wp\/v2\/tags?post=17638"}],"curies":[{"name":"wp","href":"https:\/\/api.w.org\/{rel}","templated":true}]}}