{"id":17767,"date":"2017-03-06T23:16:59","date_gmt":"2017-03-06T22:16:59","guid":{"rendered":"http:\/\/diariodevurgos.com\/dvwps\/?p=17767"},"modified":"2017-03-07T01:03:46","modified_gmt":"2017-03-07T00:03:46","slug":"cronica-del-juicio-contra-lxs-vecinxs-de-gamonal-primer-dia","status":"publish","type":"post","link":"https:\/\/diariodevurgos.com\/dvwps\/cronica-del-juicio-contra-lxs-vecinxs-de-gamonal-primer-dia.php","title":{"rendered":"Cr\u00f3nica del Juicio contra lxs vecinxs de Gamonal: Primer d\u00ed\u00ada"},"content":{"rendered":"<p class=\"lead\">Hoy lunes, a las 9.30 ha dado comienzo el juicio por lo que sucedi\u00f3 hace tres a\u00f1os a consecuencia de intentar imponer un proyecto especulativo como era el Bulevar.<\/p>\n<p>En el banquillo se han sentado doce j\u00f3venes, ninguno supera los treinta a\u00f1os, en un claro ejemplo de criminalizar a la juventud de un barrio obrero y luchador;<\/p>\n<p><!--more--><\/p>\n<p>adem\u00e1s, por lo que se percibe de las acusaciones de la fiscal, podr\u00ed\u00ada haber sido cualquier persona que pasara por ah\u00ed\u00ad la noche del 10 o 11 \u00a0de enero de 2014., la que hoy ocupara el lugar de esos j\u00f3venes.<\/p>\n<p>Tras las alegaciones iniciales de los abogados, queda patente que en el escrito de acusaci\u00f3n presentado por la fiscal\u00ed\u00ada no aparecen pruebas suficientes para demostrar los delitos de Desorden P\u00fablico y Atentado a la Autoridad que se les imputa. Tampoco ha aceptado el Juez, Jos\u00e9 Ram\u00f3n Corral Quintana, el visionado de distintas grabaciones significativas para esclarecer si los hechos que sucedieron tienen relaci\u00f3n directa con quienes se sentaban en el banquillo. Se deja as\u00ed\u00ad clara la intenci\u00f3n de criminalizar a quienes, tal vez por ingenuidad o por no correr lo suficiente, sufrieron los arrestos aleatorios que la polic\u00ed\u00ada realiz\u00f3.<\/p>\n<p>En este primer d\u00ed\u00ada de vista oral, ha declarado la mitad de los encausados, negando su vinculaci\u00f3n con los delitos que se les imputa y mostrando su perplejidad al no saber por qu\u00e9 les detuvieron. Ma\u00f1ana declaran la otra mitad y el resto de los d\u00ed\u00adas ser\u00e1n los testigos los que pasen por esta sala; los agentes de Polic\u00ed\u00ada que van a dar su testimonio han pedido utilizar biombo para evitar ser reconocidos \u00a0por el p\u00fablico, \u00a0trato diferencial que no tendr\u00e1n el resto de testigos; otro detalle m\u00e1s de c\u00f3mo est\u00e1 todo parapetado para que esta caza de brujas siga su curso.<\/p>\n<p>Durante toda la ma\u00f1ana, acompa\u00f1ando desde la calle a los encausados, un centenar de personas se ha concentrado a la entrada de los Juzgados, visibilizando que este juicio nos afecta a todas y que s\u00f3lo el apoyo mutuo entre las personas nos sirve como herramienta frente al miedo que quieren imponer hacia cualquier conato de resistencia.<\/p>\n<p>Durante toda la semana, habr\u00e1 una \u00a0concentraci\u00f3n permanente desde \u00a0las 11.00h de la ma\u00f1ana para dar \u00e1nimo y continuar con la lucha del Bulevar que a\u00fan no ha terminado.<\/p>\n<p>\u00a1No juzgan a 12 j\u00f3venes, sino a todo un barri\u00f3 que luch\u00f3 por su dignidad!<\/p>\n","protected":false},"excerpt":{"rendered":"<p>Hoy lunes, a las 9.30 ha dado comienzo el juicio por lo que sucedi\u00f3 hace tres a\u00f1os a consecuencia de intentar imponer un proyecto especulativo como era el Bulevar. En el banquillo se han sentado doce j\u00f3venes, ninguno supera los treinta a\u00f1os, en un claro ejemplo de criminalizar a la juventud de un barrio obrero&#8230;  <a href=\"https:\/\/diariodevurgos.com\/dvwps\/cronica-del-juicio-contra-lxs-vecinxs-de-gamonal-primer-dia.php\" class=\"more-link\" title=\"Read Cr\u00f3nica del Juicio contra lxs vecinxs de Gamonal: Primer d\u00ed\u00ada\">Read more &raquo;<\/a><\/p>\n","protected":false},"author":69,"featured_media":17768,"comment_status":"open","ping_status":"closed","sticky":false,"template":"","format":"standard","meta":[],"categories":[75,74,2,95,27,49,17],"tags":[],"_links":{"self":[{"href":"https:\/\/diariodevurgos.com\/dvwps\/wp-json\/wp\/v2\/posts\/17767"}],"collection":[{"href":"https:\/\/diariodevurgos.com\/dvwps\/wp-json\/wp\/v2\/posts"}],"about":[{"href":"https:\/\/diariodevurgos.com\/dvwps\/wp-json\/wp\/v2\/types\/post"}],"author":[{"embeddable":true,"href":"https:\/\/diariodevurgos.com\/dvwps\/wp-json\/wp\/v2\/users\/69"}],"replies":[{"embeddable":true,"href":"https:\/\/diariodevurgos.com\/dvwps\/wp-json\/wp\/v2\/comments?post=17767"}],"version-history":[{"count":5,"href":"https:\/\/diariodevurgos.com\/dvwps\/wp-json\/wp\/v2\/posts\/17767\/revisions"}],"predecessor-version":[{"id":17775,"href":"https:\/\/diariodevurgos.com\/dvwps\/wp-json\/wp\/v2\/posts\/17767\/revisions\/17775"}],"wp:featuredmedia":[{"embeddable":true,"href":"https:\/\/diariodevurgos.com\/dvwps\/wp-json\/wp\/v2\/media\/17768"}],"wp:attachment":[{"href":"https:\/\/diariodevurgos.com\/dvwps\/wp-json\/wp\/v2\/media?parent=17767"}],"wp:term":[{"taxonomy":"category","embeddable":true,"href":"https:\/\/diariodevurgos.com\/dvwps\/wp-json\/wp\/v2\/categories?post=17767"},{"taxonomy":"post_tag","embeddable":true,"href":"https:\/\/diariodevurgos.com\/dvwps\/wp-json\/wp\/v2\/tags?post=17767"}],"curies":[{"name":"wp","href":"https:\/\/api.w.org\/{rel}","templated":true}]}}