{"id":17833,"date":"2017-03-10T01:33:13","date_gmt":"2017-03-10T00:33:13","guid":{"rendered":"http:\/\/diariodevurgos.com\/dvwps\/?p=17833"},"modified":"2017-03-10T01:33:13","modified_gmt":"2017-03-10T00:33:13","slug":"cuarto-dia-del-juicio-del-bulevar","status":"publish","type":"post","link":"https:\/\/diariodevurgos.com\/dvwps\/cuarto-dia-del-juicio-del-bulevar.php","title":{"rendered":"Cuarto d\u00ed\u00ada del Juicio del Bulevar"},"content":{"rendered":"<p class=\"lead\">Hoy ha empezado la vista con la incertidumbre planteada el d\u00ed\u00ada anterior en torno a las comunicaciones no facilitadas a los abogados. Sin m\u00e1s pre\u00e1mbulos, el juez Jos\u00e9 Ram\u00f3n Corral Quintana ha dirimido que tales comunicaciones hab\u00ed\u00adan sido aportadas a la causa en su debido momento, por lo que se procede al normal transcurso del juicio.<!--more--><\/p>\n<p>Ha sido una sesi\u00f3n muy larga desde las 9.30 hasta las 14.30, continuando por la tarde de 16 a 17, en la cual han testificado 9 polic\u00ed\u00adas, un guardia civil, el gerente de la empresa \u00a0JC decaux, el representante legal del Ayuntamiento, un bombero, el c\u00e1mara de TV espa\u00f1ola, y un vecino que presenci\u00f3 los hechos.<\/p>\n<p>De los polic\u00ed\u00adas que han declarado se distingue: cinco que pertenecen a los dispositivos de la UPR de Burgos (TIZONA 1, TIZONA 3, TIZONA 0) y \u00a0cuatro secretas de los dispositivos \u00a0\u00ed\u0081GUILA 600, K-1000.<\/p>\n<p>Ninguno de los polic\u00ed\u00adas detuvo a nadie entre las 20.30 y las 22.30, momentos de m\u00e1xima intensidad en las calles. Todos los dispositivos mencionados intervienen en las actuaciones \u00a0que se producen \u00a0en la intersecci\u00f3n de \u00a0C\/ Vitoria con C\/ Francisco Grandmontagne sobre la 1 de la madrugada. Una furgona baja a gran velocidad desde La Antigua hasta ese cruce saliendo apresuradamente los polic\u00ed\u00adas de la misma, lo cual genera que un grupo de personas que all\u00ed\u00ad se encontraban huyan debido a la actitud amenazante de los agentes. Corren por la c\/ Francisco Grandmontagne hasta C\/ Arzobispo de Castro, donde hay otra patrulla situada exactamente en ese momento para proceder a su detenci\u00f3n. Casualmente, todos los dispositivos policiales aparecen en esa zona sin que medie entre ellos coordinaci\u00f3n alguna. Seg\u00fan sus declaraciones, acuden las tres furgonas a esa zona porque hay una barricada muy conflictiva e incendios de tres metros de altura. Al ver el video de TV Espa\u00f1ola que se grab\u00f3 en ese mismo momento y en esa zona, no se aprecia ninguna barricada, ni fuego, ni lanzamientos de objetos; lo \u00fanico que se observa es \u00a0gente dispersa andando tranquilamente por lo que se deduce que los disturbios hab\u00ed\u00adan sucedido mucho tiempo atr\u00e1s. Cada uno de los dispositivos aparece por calles distintas, generando un cerco que facilita el acorralamiento del grupo de personas que est\u00e1n transitando\u00a0 por esa zona.<\/p>\n<p>Todos los agentes en sus declaraciones aseguran que no pierden el contacto visual con las personas a las que persiguen, pero despu\u00e9s es curioso como no se acuerdan de detalles tan significativos como que uno de los chavales llevaba muletas en el preciso instante de su detenci\u00f3n.<\/p>\n<p>En las declaraciones de los agentes que iban de paisano, se aprecia que todos insisten\u00a0 en recalcar que no tuvieron ninguna comunicaci\u00f3n con ning\u00fan otro agente policial de los otros dispositivos, aunque el d\u00ed\u00ada anterior el subinspector de TIZONA 1, hubiese indicado que s\u00ed\u00ad que hubo ese tipo de conversaciones, lo cual facilit\u00f3 las detenciones de determinadas personas.<\/p>\n<p>Cabe rese\u00f1ar que varios polic\u00ed\u00adas han comparado la situaci\u00f3n conflictiva de aquella noche del d\u00ed\u00ada 10 de enero con Beirut o con el Pa\u00ed\u00ads Vasco, dejando en evidencia su intenci\u00f3n de sobredimensionar lo sucedido. Uno de los agentes, ha recordado que estuvo trece a\u00f1os destinado en el Pa\u00ed\u00ads Vasco, donde vio &#8220;arder a Fernando Buesa y Jorge D\u00ed\u00adaz Elorza en un atentado terrorista y atacar la Subdelegaci\u00f3n del Gobierno con c\u00f3ctel molotov&#8221; asegurando que jam\u00e1s vio lo que pudo ver en Gamonal.<\/p>\n<p>Este tipo de comentarios fuera de lugar muestran las artima\u00f1as que utilizan los agentes para exagerar los hechos y desviar la atenci\u00f3n de lo que realmente se vivi\u00f3 en Gamonal, una resistencia de muchas de las vecinas y vecinos que conforman ese barrio para plantar cara al m\u00e1ximo cacique de la ciudad, Miguel A. M\u00e9ndez Pozo.<\/p>\n<p>Ma\u00f1ana continuar\u00e1n la vista oral a las 9.30 y el apoyo en la calle se convoca a partir de las 11h. enfrente de los juzgados.<\/p>\n","protected":false},"excerpt":{"rendered":"<p>Hoy ha empezado la vista con la incertidumbre planteada el d\u00ed\u00ada anterior en torno a las comunicaciones no facilitadas a los abogados. Sin m\u00e1s pre\u00e1mbulos, el juez Jos\u00e9 Ram\u00f3n Corral Quintana ha dirimido que tales comunicaciones hab\u00ed\u00adan sido aportadas a la causa en su debido momento, por lo que se procede al normal transcurso del&#8230;  <a href=\"https:\/\/diariodevurgos.com\/dvwps\/cuarto-dia-del-juicio-del-bulevar.php\" class=\"more-link\" title=\"Read Cuarto d\u00ed\u00ada del Juicio del Bulevar\">Read more &raquo;<\/a><\/p>\n","protected":false},"author":69,"featured_media":17834,"comment_status":"open","ping_status":"closed","sticky":false,"template":"","format":"standard","meta":[],"categories":[75,74,64,27],"tags":[],"_links":{"self":[{"href":"https:\/\/diariodevurgos.com\/dvwps\/wp-json\/wp\/v2\/posts\/17833"}],"collection":[{"href":"https:\/\/diariodevurgos.com\/dvwps\/wp-json\/wp\/v2\/posts"}],"about":[{"href":"https:\/\/diariodevurgos.com\/dvwps\/wp-json\/wp\/v2\/types\/post"}],"author":[{"embeddable":true,"href":"https:\/\/diariodevurgos.com\/dvwps\/wp-json\/wp\/v2\/users\/69"}],"replies":[{"embeddable":true,"href":"https:\/\/diariodevurgos.com\/dvwps\/wp-json\/wp\/v2\/comments?post=17833"}],"version-history":[{"count":2,"href":"https:\/\/diariodevurgos.com\/dvwps\/wp-json\/wp\/v2\/posts\/17833\/revisions"}],"predecessor-version":[{"id":17836,"href":"https:\/\/diariodevurgos.com\/dvwps\/wp-json\/wp\/v2\/posts\/17833\/revisions\/17836"}],"wp:featuredmedia":[{"embeddable":true,"href":"https:\/\/diariodevurgos.com\/dvwps\/wp-json\/wp\/v2\/media\/17834"}],"wp:attachment":[{"href":"https:\/\/diariodevurgos.com\/dvwps\/wp-json\/wp\/v2\/media?parent=17833"}],"wp:term":[{"taxonomy":"category","embeddable":true,"href":"https:\/\/diariodevurgos.com\/dvwps\/wp-json\/wp\/v2\/categories?post=17833"},{"taxonomy":"post_tag","embeddable":true,"href":"https:\/\/diariodevurgos.com\/dvwps\/wp-json\/wp\/v2\/tags?post=17833"}],"curies":[{"name":"wp","href":"https:\/\/api.w.org\/{rel}","templated":true}]}}