{"id":1787,"date":"2008-08-25T00:18:26","date_gmt":"2008-08-24T23:18:26","guid":{"rendered":"http:\/\/diariodevurgos.com\/dvwps\/talan-unos-cincuenta-arboles-en-la-margen-izquierda-del-rio-vena.php"},"modified":"2008-08-25T12:08:13","modified_gmt":"2008-08-25T11:08:13","slug":"talan-unos-cincuenta-arboles-en-la-margen-izquierda-del-rio-vena","status":"publish","type":"post","link":"https:\/\/diariodevurgos.com\/dvwps\/talan-unos-cincuenta-arboles-en-la-margen-izquierda-del-rio-vena.php","title":{"rendered":"Talan unos cincuenta arboles en la margen izquierda del rio Vena"},"content":{"rendered":"<p class=\"lead\"><a class=\"imagelink\" title=\"3.JPG\" href=\"http:\/\/diariodevurgos.com\/dvwps\/wp-content\/uploads\/2008\/08\/3.JPG\"><img loading=\"lazy\" id=\"image1779\" height=\"72\" alt=\"3.JPG\" src=\"http:\/\/diariodevurgos.com\/dvwps\/wp-content\/uploads\/2008\/08\/3.JPG\" width=\"94\" align=\"right\" \/><\/a>En la margen izquierda del ri\u00f3 vena a la altura del Paseo del Pintor Cortes (Escuela de Idiomas) talan cincuenta chopos, casi la totalidad de la zona de remodelaci\u00f3n, dentro del proyecto de recuperaci\u00f3n de los m\u00e1rgenes del r\u00ed\u00ado.<\/p>\n<p><!--more-->Las empresas responsables de las obras son Constructora Hisp\u00e1nica y Suco infraestructuras y servicios s.a. dentro del <a href=\"http:\/\/www.aguasduero.es\/obra.asp?p=2&#038;id=75\" target=\"_blank\">proyecto de Aguas del Duero<\/a> de recuperaci\u00f3n de las margenes del rio Vena a su paso por la ciudad de Burgos\u00a0 en la fase 0, financiado por los fondos europeos(70%), la junta de castilla y leon (15%) y el ayuntamiento de Burgos (15%), con un presupuesto de 3.240.000 euros.<\/p>\n<p>En la <a href=\"http:\/\/www.aguasduero.es\/obra.asp?p=2&#038;id=75\" target=\"_blank\">informaci\u00f3n<\/a> del proyecto de recuperaci\u00f3n de la m\u00e1rgenes de la pagina web de Aguas del Duero dice <em>&#8220;se mantendr\u00e1n todos los \u00e1rboles que existen en la actualidad&#8221;<\/em>(antes del comienzo de las obras).<\/p>\n<p>La tala de momento es de cincuenta chopos de mas de treinta a\u00f1os de antig\u00ed\u00bcedad, casi la totalidad de los arboles afectados por la remodelaci\u00f3n.<\/p>\n<a class=\"imagelink\" title=\"5.JPG\" href=\"http:\/\/diariodevurgos.com\/dvwps\/wp-content\/uploads\/2008\/08\/5.JPG\"><img id=\"image1781\" alt=\"5.JPG\" src=\"http:\/\/diariodevurgos.com\/dvwps\/wp-content\/uploads\/2008\/08\/5.JPG\" \/><\/a>\n<p>Vista desde la pasarela a la altura de la calle Francisco de Vitoria. Hasta hace unas semanas en la margen izquierda habia cincuenta chopos.<br \/>\n<a class=\"imagelink\" title=\"21.JPG\" href=\"http:\/\/diariodevurgos.com\/dvwps\/wp-content\/uploads\/2008\/08\/21.JPG\"><img id=\"image1778\" alt=\"21.JPG\" src=\"http:\/\/diariodevurgos.com\/dvwps\/wp-content\/uploads\/2008\/08\/21.JPG\" \/><\/a><\/p>\n<p>Tala de una hilera de chopos.<\/p>\n<a class=\"imagelink\" title=\"11.JPG\" href=\"http:\/\/diariodevurgos.com\/dvwps\/wp-content\/uploads\/2008\/08\/11.JPG\"><img id=\"image1777\" alt=\"11.JPG\" src=\"http:\/\/diariodevurgos.com\/dvwps\/wp-content\/uploads\/2008\/08\/11.JPG\" \/><\/a>\n<a class=\"imagelink\" title=\"8.JPG\" href=\"http:\/\/diariodevurgos.com\/dvwps\/wp-content\/uploads\/2008\/08\/8.JPG\"><img id=\"image1784\" alt=\"8.JPG\" src=\"http:\/\/diariodevurgos.com\/dvwps\/wp-content\/uploads\/2008\/08\/8.JPG\" \/><\/a>\n<p>En este paseo se encontraban los chopos.<\/p>\n<a class=\"imagelink\" title=\"7.JPG\" href=\"http:\/\/diariodevurgos.com\/dvwps\/wp-content\/uploads\/2008\/08\/7.JPG\"><img id=\"image1783\" alt=\"7.JPG\" src=\"http:\/\/diariodevurgos.com\/dvwps\/wp-content\/uploads\/2008\/08\/7.JPG\" \/><\/a>\n<a class=\"imagelink\" title=\"6.JPG\" href=\"http:\/\/diariodevurgos.com\/dvwps\/wp-content\/uploads\/2008\/08\/6.JPG\"><img id=\"image1782\" alt=\"6.JPG\" src=\"http:\/\/diariodevurgos.com\/dvwps\/wp-content\/uploads\/2008\/08\/6.JPG\" \/><\/a>\n<a class=\"imagelink\" title=\"10.JPG\" href=\"http:\/\/diariodevurgos.com\/dvwps\/wp-content\/uploads\/2008\/08\/10.JPG\"><img id=\"image1786\" alt=\"10.JPG\" src=\"http:\/\/diariodevurgos.com\/dvwps\/wp-content\/uploads\/2008\/08\/10.JPG\" \/><\/a>\n<p>Cartel de las obras.<\/p>\n<a class=\"imagelink\" title=\"9.JPG\" href=\"http:\/\/diariodevurgos.com\/dvwps\/wp-content\/uploads\/2008\/08\/9.JPG\"><img id=\"image1785\" alt=\"9.JPG\" src=\"http:\/\/diariodevurgos.com\/dvwps\/wp-content\/uploads\/2008\/08\/9.JPG\" \/><\/a>\n<p>Empresas ejecutoras.<\/p>\n<a class=\"imagelink\" title=\"4.JPG\" href=\"http:\/\/diariodevurgos.com\/dvwps\/wp-content\/uploads\/2008\/08\/4.JPG\"><img id=\"image1780\" alt=\"4.JPG\" src=\"http:\/\/diariodevurgos.com\/dvwps\/wp-content\/uploads\/2008\/08\/4.JPG\" \/><\/a>\n<p>Paseo entre chopos de la margen derecha, que no afectan las obras.<\/p>\n","protected":false},"excerpt":{"rendered":"<p>En la margen izquierda del ri\u00f3 vena a la altura del Paseo del Pintor Cortes (Escuela de Idiomas) talan cincuenta chopos, casi la totalidad de la zona de remodelaci\u00f3n, dentro del proyecto de recuperaci\u00f3n de los m\u00e1rgenes del r\u00ed\u00ado.<\/p>\n","protected":false},"author":13,"featured_media":0,"comment_status":"open","ping_status":"closed","sticky":false,"template":"","format":"standard","meta":[],"categories":[2],"tags":[],"_links":{"self":[{"href":"https:\/\/diariodevurgos.com\/dvwps\/wp-json\/wp\/v2\/posts\/1787"}],"collection":[{"href":"https:\/\/diariodevurgos.com\/dvwps\/wp-json\/wp\/v2\/posts"}],"about":[{"href":"https:\/\/diariodevurgos.com\/dvwps\/wp-json\/wp\/v2\/types\/post"}],"author":[{"embeddable":true,"href":"https:\/\/diariodevurgos.com\/dvwps\/wp-json\/wp\/v2\/users\/13"}],"replies":[{"embeddable":true,"href":"https:\/\/diariodevurgos.com\/dvwps\/wp-json\/wp\/v2\/comments?post=1787"}],"version-history":[{"count":0,"href":"https:\/\/diariodevurgos.com\/dvwps\/wp-json\/wp\/v2\/posts\/1787\/revisions"}],"wp:attachment":[{"href":"https:\/\/diariodevurgos.com\/dvwps\/wp-json\/wp\/v2\/media?parent=1787"}],"wp:term":[{"taxonomy":"category","embeddable":true,"href":"https:\/\/diariodevurgos.com\/dvwps\/wp-json\/wp\/v2\/categories?post=1787"},{"taxonomy":"post_tag","embeddable":true,"href":"https:\/\/diariodevurgos.com\/dvwps\/wp-json\/wp\/v2\/tags?post=1787"}],"curies":[{"name":"wp","href":"https:\/\/api.w.org\/{rel}","templated":true}]}}