{"id":17874,"date":"2017-03-14T17:50:17","date_gmt":"2017-03-14T16:50:17","guid":{"rendered":"http:\/\/diariodevurgos.com\/dvwps\/?p=17874"},"modified":"2017-03-14T17:57:06","modified_gmt":"2017-03-14T16:57:06","slug":"viernes-de-cafe-tertulia-en-la-biblioteca-la-maldita","status":"publish","type":"post","link":"https:\/\/diariodevurgos.com\/dvwps\/viernes-de-cafe-tertulia-en-la-biblioteca-la-maldita.php","title":{"rendered":"Viernes de Caf\u00e9-tertulia en la biblioteca La Maldita"},"content":{"rendered":"<p class=\"lead\">Este viernes, <strong>17 de marzo<\/strong>, como cada quince d\u00ed\u00adas, tendr\u00e1 lugar otra sesi\u00f3n de los Caf\u00e9s-tertulias de la Biblioteca La Maldita a las 18h. de la tarde.<\/p>\n<p>El texto que se ha elegido es un cap\u00ed\u00adtulo 5\u00ba del libro <strong>La insurreci\u00f3n que viene<\/strong>. Este ensayo franc\u00e9s fue publicado en el a\u00f1o 2007 e hipotetiza sobre el <i>inminente colapso de la cultura capitalista<\/i>. Fue escrito por <i>El Comit\u00e9 Invisible<\/i>.<\/p>\n<p>El libro est\u00e1 dividido en dos partes. La primera aborda un diagn\u00f3stico completo de la totalidad de la civilizaci\u00f3n capitalista moderna, movi\u00e9ndose a trav\u00e9s de lo que el Comit\u00e9 Invisible identifica los &#8220;siete c\u00ed\u00adrculos&#8221; de alienaci\u00f3n: &#8220;el yo, las relaciones sociales, el trabajo, la econom\u00ed\u00ada, la urbanidad, el entorno, y el espacio civilizado&#8221;. La \u00faltima parte del libro comienza por ofrecer una prescripci\u00f3n para la\u00a0 lucha revolucionaria basada en la formaci\u00f3n de comunas, o grupos de afinidad, en una red de trabajo secreta que construir\u00e1 sus fuerzas fuera de la pol\u00ed\u00adtica convencional, y atacar\u00e1 en momentos crisis \u2013pol\u00ed\u00adtica, social, ambiental\u2013 para impulsar una revoluci\u00f3n anticapitalista. La insurrecci\u00f3n visionada por el Comit\u00e9 Invisible girar\u00e1 en torno a &#8220;la apropiaci\u00f3n local del poder por la gente, del bloqueo f\u00ed\u00adsico de la econom\u00ed\u00ada y de una aniquilaci\u00f3n de las fuerzas polic\u00ed\u00adacas&#8221;.<\/p>\n<p>Empezaremos leyendo el cap\u00ed\u00adtulo 5\u00ba<strong> &#8220;Menos bienes, m\u00e1s v\u00ed\u00adnculo&#8221;, <\/strong>y en funci\u00f3n de lo que decida el grupo, decidiremos qu\u00e9 otros cap\u00ed\u00adtulos abordar.<\/p>\n<p>Facilitamos el enlace en pdf del libro para poderlo descargar:<\/p>\n<p>https:\/\/monoskop.org\/images\/f\/fc\/Comite_Invisible_La_insurreccion_que_viene.pdf<\/p>\n","protected":false},"excerpt":{"rendered":"<p>Este viernes, 17 de marzo, como cada quince d\u00ed\u00adas, tendr\u00e1 lugar otra sesi\u00f3n de los Caf\u00e9s-tertulias de la Biblioteca La Maldita a las 18h. de la tarde. El texto que se ha elegido es un cap\u00ed\u00adtulo 5\u00ba del libro La insurreci\u00f3n que viene. Este ensayo franc\u00e9s fue publicado en el a\u00f1o 2007 e hipotetiza sobre&#8230;  <a href=\"https:\/\/diariodevurgos.com\/dvwps\/viernes-de-cafe-tertulia-en-la-biblioteca-la-maldita.php\" class=\"more-link\" title=\"Read Viernes de Caf\u00e9-tertulia en la biblioteca La Maldita\">Read more &raquo;<\/a><\/p>\n","protected":false},"author":69,"featured_media":17876,"comment_status":"open","ping_status":"closed","sticky":false,"template":"","format":"standard","meta":[],"categories":[2,110,103,14,47,79],"tags":[],"_links":{"self":[{"href":"https:\/\/diariodevurgos.com\/dvwps\/wp-json\/wp\/v2\/posts\/17874"}],"collection":[{"href":"https:\/\/diariodevurgos.com\/dvwps\/wp-json\/wp\/v2\/posts"}],"about":[{"href":"https:\/\/diariodevurgos.com\/dvwps\/wp-json\/wp\/v2\/types\/post"}],"author":[{"embeddable":true,"href":"https:\/\/diariodevurgos.com\/dvwps\/wp-json\/wp\/v2\/users\/69"}],"replies":[{"embeddable":true,"href":"https:\/\/diariodevurgos.com\/dvwps\/wp-json\/wp\/v2\/comments?post=17874"}],"version-history":[{"count":4,"href":"https:\/\/diariodevurgos.com\/dvwps\/wp-json\/wp\/v2\/posts\/17874\/revisions"}],"predecessor-version":[{"id":17882,"href":"https:\/\/diariodevurgos.com\/dvwps\/wp-json\/wp\/v2\/posts\/17874\/revisions\/17882"}],"wp:featuredmedia":[{"embeddable":true,"href":"https:\/\/diariodevurgos.com\/dvwps\/wp-json\/wp\/v2\/media\/17876"}],"wp:attachment":[{"href":"https:\/\/diariodevurgos.com\/dvwps\/wp-json\/wp\/v2\/media?parent=17874"}],"wp:term":[{"taxonomy":"category","embeddable":true,"href":"https:\/\/diariodevurgos.com\/dvwps\/wp-json\/wp\/v2\/categories?post=17874"},{"taxonomy":"post_tag","embeddable":true,"href":"https:\/\/diariodevurgos.com\/dvwps\/wp-json\/wp\/v2\/tags?post=17874"}],"curies":[{"name":"wp","href":"https:\/\/api.w.org\/{rel}","templated":true}]}}