{"id":1789,"date":"2008-08-25T12:26:39","date_gmt":"2008-08-25T11:26:39","guid":{"rendered":"http:\/\/diariodevurgos.com\/dvwps\/la-boda-del-millon-de-euros.php"},"modified":"2008-08-25T14:33:51","modified_gmt":"2008-08-25T13:33:51","slug":"la-boda-del-millon-de-euros","status":"publish","type":"post","link":"https:\/\/diariodevurgos.com\/dvwps\/la-boda-del-millon-de-euros.php","title":{"rendered":"La boda del Mill\u00f3n de Euros"},"content":{"rendered":"<p class=\"lead\"><a title=\"El Jefe\" class=\"imagelink\" href=\"http:\/\/diariodevurgos.com\/dvwps\/wp-content\/uploads\/2008\/08\/el_jefe.jpg\"><img loading=\"lazy\" width=\"79\" height=\"110\" align=\"right\" alt=\"El Jefe\" id=\"image1788\" src=\"http:\/\/diariodevurgos.com\/dvwps\/wp-content\/uploads\/2008\/08\/el_jefe.jpg\" \/><\/a>A mediados del pasado mes de julio tuvo lugar un variopinto acontecimiento que consigui\u00f3 reunir a algunas de las m\u00e1s altas figuras de la pol\u00ed\u00adtica nacional. La hija del magnate de la construcci\u00f3n y de los medios de comunicaci\u00f3n, Antonio Miguel M\u00e9ndez Pozo,  <a title=\"La Boda \" href=\"http:\/\/www.elconfidencialdigital.com\/Articulo.aspx?IdObjeto=17196\">contra\u00ed\u00ada matrimonio<\/a> en fastuosa ceremonia. Cuentan que el evento se prolongo durante tres d\u00ed\u00adas. No es para menos, se casaba la <strong>hija del<\/strong> <strong>Jefe<\/strong>.<\/p>\n<p><!--more--><\/p>\n<p align=\"center\"><img alt=\"El Jefe\" title=\"El Jefe\" id=\"image1788\" src=\"http:\/\/diariodevurgos.com\/dvwps\/wp-content\/uploads\/2008\/08\/el_jefe.jpg\" \/><\/p>\n<p align=\"right\">Imagen cedida por <a title=\"La Calle Tres\" href=\"http:\/\/lacalle3.blogspot.com\/\">Caelio<\/a><\/p>\n<p>Corremos el riesgo de que <strong>DV <\/strong>termine por convertirse en uno m\u00e1s de los tabloides del coraz\u00f3n, corremos el riesgo de que se nos llame envidiosos porque no nos invitaron a la boda&#8230;\u00bfPor qu\u00e9 no nos invitaste Michel?&#8230;pero, seguro que no nos colamos?. Uno de nuestros infiltrados, que dio buena cuenta de los canap\u00e9s, nos ha hecho llegar algunas revelaciones.<\/p>\n<p>Una boda que consigui\u00f3 reunir a la c\u00fapula regional del <strong>PP<\/strong> y a importantes dirigentes manchegos del <strong>PSOE<\/strong>. De sobra es conocida la vinculaci\u00f3n del promotor inmobiliario con el PP de Castilla y Le\u00f3n: durante la celebraci\u00f3n del juicio por el  llamado Caso de la Construcci\u00f3n fue llamado a declarar el que entonces fuera presidente de La Junta de Castilla y Le\u00f3n y posteriormente Presidente del Gobierno, <strong>Jos\u00e9 Mar\u00ed\u00ada Aznar<\/strong>, poniendo de manifiesto cu\u00e1l era una de las m\u00e1s rentables fuentes de financiaci\u00f3n de su partido en la Comunidad.<\/p>\n<p>Pero los contactos del constructor con la pol\u00ed\u00adtica no se ci\u00f1en en exclusiva al \u00e1mbito popular, en los actos nupciales pudo verse a <strong>Jos\u00e9 Bono<\/strong>, que seg\u00fan cuentan dio el visto bueno para que el imperio medi\u00e1tico-constructivo del Padre de la novia se extendiese por la Comunidad Manchega.<\/p>\n<p>Cuenta nuestro agente doble que &#8220;&#8230;aquello fue lo m\u00e1s, ni la boda de Farruquito oye&#8230;, eso si, cuando son\u00f3 aquella traca de petardos se me hel\u00f3 la sangre tan dados como sois los anarquistas de irrumpir <a title=\"El atentado contra Alfonso XIII el d\u00ed\u00ada de su boda\" href=\"http:\/\/www.20minutos.es\/noticia\/125577\/0\/Centenario\/atentado\/anos\/\">a la brava en las bodas reales<\/a>&#8230;pero luego me acord\u00e9 de que \u00faltimamente est\u00e1is de capa ca\u00ed\u00adda&#8230;&#8221;\u009d<\/p>\n<p>Para mayor gloria del Jefe y escarn\u00ed\u00ado del populacho los fastos nupciales se prolongar\u00f3n durante tres d\u00ed\u00adas&#8230;<br \/>\nVivan los novios!!!<\/p>\n","protected":false},"excerpt":{"rendered":"<p>A mediados del pasado mes de julio tuvo lugar un variopinto acontecimiento que consigui\u00f3 reunir a algunas de las m\u00e1s altas figuras de la pol\u00ed\u00adtica nacional. La hija del magnate de la construcci\u00f3n y de los medios de comunicaci\u00f3n, Antonio Miguel M\u00e9ndez Pozo, contra\u00ed\u00ada matrimonio en fastuosa ceremonia. Cuentan que el evento se prolongo durante&#8230;  <a href=\"https:\/\/diariodevurgos.com\/dvwps\/la-boda-del-millon-de-euros.php\" class=\"more-link\" title=\"Read La boda del Mill\u00f3n de Euros\">Read more &raquo;<\/a><\/p>\n","protected":false},"author":9,"featured_media":0,"comment_status":"open","ping_status":"closed","sticky":false,"template":"","format":"standard","meta":[],"categories":[2,9,5],"tags":[],"_links":{"self":[{"href":"https:\/\/diariodevurgos.com\/dvwps\/wp-json\/wp\/v2\/posts\/1789"}],"collection":[{"href":"https:\/\/diariodevurgos.com\/dvwps\/wp-json\/wp\/v2\/posts"}],"about":[{"href":"https:\/\/diariodevurgos.com\/dvwps\/wp-json\/wp\/v2\/types\/post"}],"author":[{"embeddable":true,"href":"https:\/\/diariodevurgos.com\/dvwps\/wp-json\/wp\/v2\/users\/9"}],"replies":[{"embeddable":true,"href":"https:\/\/diariodevurgos.com\/dvwps\/wp-json\/wp\/v2\/comments?post=1789"}],"version-history":[{"count":0,"href":"https:\/\/diariodevurgos.com\/dvwps\/wp-json\/wp\/v2\/posts\/1789\/revisions"}],"wp:attachment":[{"href":"https:\/\/diariodevurgos.com\/dvwps\/wp-json\/wp\/v2\/media?parent=1789"}],"wp:term":[{"taxonomy":"category","embeddable":true,"href":"https:\/\/diariodevurgos.com\/dvwps\/wp-json\/wp\/v2\/categories?post=1789"},{"taxonomy":"post_tag","embeddable":true,"href":"https:\/\/diariodevurgos.com\/dvwps\/wp-json\/wp\/v2\/tags?post=1789"}],"curies":[{"name":"wp","href":"https:\/\/api.w.org\/{rel}","templated":true}]}}