{"id":17900,"date":"2017-03-15T19:35:18","date_gmt":"2017-03-15T18:35:18","guid":{"rendered":"http:\/\/diariodevurgos.com\/dvwps\/?p=17900"},"modified":"2017-03-15T22:45:28","modified_gmt":"2017-03-15T21:45:28","slug":"suspendido-el-juicio-a-los-vecinos-de-gamonal-hasta-el-3-de-abril","status":"publish","type":"post","link":"https:\/\/diariodevurgos.com\/dvwps\/suspendido-el-juicio-a-los-vecinos-de-gamonal-hasta-el-3-de-abril.php","title":{"rendered":"Suspendido el juicio a los vecinos de Gamonal hasta el 3 de abril"},"content":{"rendered":"<p class=\"lead\">Durante el transcurso de la octava sesi\u00f3n del juicio al que se est\u00e1n viendo sometidos 12 j\u00f3venes acusados de participar en los disturbios de Gamonal, el titular del Juzgado n\u00famero 3, Jos\u00e9 Ram\u00f3n Corral Quintana, ha decretado la suspensi\u00f3n del juicio hasta el pr\u00f3ximo lunes 3 de abril. Los abogados de la defensa han solicitado que se aclar\u00e9 un error que figura en el informe remitido por el Cuerpo de Bomberos, as\u00ed\u00ad como el testimonio de diferentes testigos que por cuestiones t\u00e9cnicas no han podido prestar declaraci\u00f3n hasta el momento.<!--more--><\/p>\n<p>A las 09:30 horas de la ma\u00f1ana de hoy mi\u00e9rcoles 15 de marzo, daba comienzo la octava sesi\u00f3n del juicio por el que est\u00e1n siendo juzgadas 12 personas acusadas de participar en los disturbios que se originaron en Gamonal la tarde-noche del viernes 10 de enero de 2014 a consecuencia de la oposici\u00f3n vecinal derivada ante la construcci\u00f3n del bulevar en la calle Vitoria.<\/p>\n<p>La primera persona en declarar ha sido un testigo propuesto por la defensa que presenci\u00f3 como se produjo la actuaci\u00f3n policial en la calle Francisco Grandmotagne. En su declaraci\u00f3n describe como las detenciones se produjeron bastante tiempo despu\u00e9s de que hubieran finalizado los altercados y en un momento de absoluta calma. A petici\u00f3n de preguntas realizadas tanto por la defensa como por parte del Abogado del Estado, el testigo se\u00f1ala que observ\u00f3 como una dotaci\u00f3n antidisturbios que proven\u00ed\u00ada de la calle Arzobispo de Castro practic\u00f3 una serie de detenciones &#8220;dando palos a diestro y siniestro&#8221;\u009d arrestando a las primeras personas que vio que se encontraban en ese momento en la calle. Durante el transcurso de su declaraci\u00f3n, este testigo as\u00ed\u00ad mismo ha se\u00f1alado como un polic\u00ed\u00ada le lleg\u00f3 a amenazarle con detenerlo si contin\u00faa en la calle.<\/p>\n<p>Tras un receso de hora y media, la sesi\u00f3n se ha reanudado a las 11:30 horas con la declaraci\u00f3n a trav\u00e9s de videoconferencia la agente de Polic\u00ed\u00ada Nacional con n\u00famero de identificaci\u00f3n 100.000 que particip\u00f3 en el equipo <em>Tizona 0<\/em>. Esta agente declara haber sido herida en tres ocasiones durante el transcurso de los altercados, la primera de ellas a las 17:00 aunque no logra se\u00f1alar si la persona a la que detuvo fue la causante de las lesiones que sufri\u00f3. La agente, que previamente hab\u00ed\u00ada declarado que a las 24:00 horas hab\u00ed\u00ada &#8220;gente bastante gente mirando y pendiente&#8221;\u009d se\u00f1ala ahora que observ\u00f3 como hab\u00ed\u00ada gente activa a esa hora participando en los altercados, aunque no es capaz de se\u00f1alar en que calle se encontraba en el momento de la detenci\u00f3n en la que particip\u00f3. Ante la extra\u00f1eza que causa la contradicci\u00f3n respecto a su declaraci\u00f3n anterior, de la que en sede judicial se ha ratificado, indica que es posible que su testimonio inicial se hayan podido malinterpretar sus palabras. Por otra parte, y ante la insistencia de las preguntas por parte de la defensa sobre la hora en la que se produjeron las detenciones, ya que, seg\u00fan declaraciones de la propia agente, los disturbios dieron comienzo sobre las 21:00 horas, se\u00f1ala que no recuerda absolutamente nada y que quiz\u00e1s en ese momento se encontraba en el m\u00e9dico acudiendo a recoger el parte de lesiones.<\/p>\n<p>Tras esta declaraci\u00f3n, el juez titular del Juzgado n\u00famero 3 ha atendido a las alegaciones presentadas por la defensa en las que se se\u00f1ala que existe un error en el informe presentado por el Cuerpo de Bomberos ya que el bombero convocado en la sesi\u00f3n de ayer, martes 14 de marzo, declara no haber participado en el lugar donde se indica en el citado informe. As\u00ed\u00ad mismo, se solicita la declaraci\u00f3n de varios testigos de la defensa que por cuestiones t\u00e9cnicas no han podido declarar hasta el momento, decret\u00e1ndose la suspensi\u00f3n del juicio hasta el pr\u00f3ximo lunes 3 de abril.<\/p>\n<p>La Asamblea de Gamonal, que lleva concentr\u00e1ndose frente a los juzgados desde el inicio de las vistas orales, aplaza tambi\u00e9n la convocatoria de nuevas iniciativas de apoyo a los encausados hasta la reanudaci\u00f3n del juicio.<\/p>\n","protected":false},"excerpt":{"rendered":"<p>Durante el transcurso de la octava sesi\u00f3n del juicio al que se est\u00e1n viendo sometidos 12 j\u00f3venes acusados de participar en los disturbios de Gamonal, el titular del Juzgado n\u00famero 3, Jos\u00e9 Ram\u00f3n Corral Quintana, ha decretado la suspensi\u00f3n del juicio hasta el pr\u00f3ximo lunes 3 de abril. Los abogados de la defensa han solicitado&#8230;  <a href=\"https:\/\/diariodevurgos.com\/dvwps\/suspendido-el-juicio-a-los-vecinos-de-gamonal-hasta-el-3-de-abril.php\" class=\"more-link\" title=\"Read Suspendido el juicio a los vecinos de Gamonal hasta el 3 de abril\">Read more &raquo;<\/a><\/p>\n","protected":false},"author":2,"featured_media":17901,"comment_status":"open","ping_status":"closed","sticky":false,"template":"","format":"standard","meta":[],"categories":[75,74,2,64,27],"tags":[],"_links":{"self":[{"href":"https:\/\/diariodevurgos.com\/dvwps\/wp-json\/wp\/v2\/posts\/17900"}],"collection":[{"href":"https:\/\/diariodevurgos.com\/dvwps\/wp-json\/wp\/v2\/posts"}],"about":[{"href":"https:\/\/diariodevurgos.com\/dvwps\/wp-json\/wp\/v2\/types\/post"}],"author":[{"embeddable":true,"href":"https:\/\/diariodevurgos.com\/dvwps\/wp-json\/wp\/v2\/users\/2"}],"replies":[{"embeddable":true,"href":"https:\/\/diariodevurgos.com\/dvwps\/wp-json\/wp\/v2\/comments?post=17900"}],"version-history":[{"count":2,"href":"https:\/\/diariodevurgos.com\/dvwps\/wp-json\/wp\/v2\/posts\/17900\/revisions"}],"predecessor-version":[{"id":17905,"href":"https:\/\/diariodevurgos.com\/dvwps\/wp-json\/wp\/v2\/posts\/17900\/revisions\/17905"}],"wp:featuredmedia":[{"embeddable":true,"href":"https:\/\/diariodevurgos.com\/dvwps\/wp-json\/wp\/v2\/media\/17901"}],"wp:attachment":[{"href":"https:\/\/diariodevurgos.com\/dvwps\/wp-json\/wp\/v2\/media?parent=17900"}],"wp:term":[{"taxonomy":"category","embeddable":true,"href":"https:\/\/diariodevurgos.com\/dvwps\/wp-json\/wp\/v2\/categories?post=17900"},{"taxonomy":"post_tag","embeddable":true,"href":"https:\/\/diariodevurgos.com\/dvwps\/wp-json\/wp\/v2\/tags?post=17900"}],"curies":[{"name":"wp","href":"https:\/\/api.w.org\/{rel}","templated":true}]}}