{"id":17922,"date":"2017-03-20T21:04:46","date_gmt":"2017-03-20T20:04:46","guid":{"rendered":"http:\/\/diariodevurgos.com\/dvwps\/?p=17922"},"modified":"2017-03-20T23:16:13","modified_gmt":"2017-03-20T22:16:13","slug":"17922","status":"publish","type":"post","link":"https:\/\/diariodevurgos.com\/dvwps\/17922.php","title":{"rendered":"Entrevista en Radio Onda Expansiva sobre el desarrollo de los juicios de Gamonal"},"content":{"rendered":"<p class=\"lead\"><strong>Radio Onda Expansiva<\/strong> recoge en su \u00faltimo programa una <a href=\"http:\/\/ondaexpansiva.net\/2293-2\/\">entrevista con \u00ed\u201cscar de la Torre, miembro del grupo de apoyo a los encausados de la Asamblea de Gamonal<\/a>.<\/p>\n<p>Donde se realiza un an\u00e1lisis de c\u00f3mo han trascurrido las diversas sesiones del juicio que juzga a 12 j\u00f3venes acusados de haber participado en los disturbios del viernes 10 de enero de 2014. Un proceso penal que, a petici\u00f3n de la defensa, ha quedado aplazado hasta el<strong> pr\u00f3ximo lunes 3 de abril<\/strong>.<\/p>\n<p><!--more--><\/p>\n<p style=\"text-align: center;\">\n","protected":false},"excerpt":{"rendered":"<p>Radio Onda Expansiva recoge en su \u00faltimo programa una entrevista con \u00ed\u201cscar de la Torre, miembro del grupo de apoyo a los encausados de la Asamblea de Gamonal. Donde se realiza un an\u00e1lisis de c\u00f3mo han trascurrido las diversas sesiones del juicio que juzga a 12 j\u00f3venes acusados de haber participado en los disturbios del&#8230;  <a href=\"https:\/\/diariodevurgos.com\/dvwps\/17922.php\" class=\"more-link\" title=\"Read Entrevista en Radio Onda Expansiva sobre el desarrollo de los juicios de Gamonal\">Read more &raquo;<\/a><\/p>\n","protected":false},"author":2,"featured_media":17924,"comment_status":"open","ping_status":"closed","sticky":false,"template":"","format":"standard","meta":[],"categories":[75,74,2,27,23,17],"tags":[],"_links":{"self":[{"href":"https:\/\/diariodevurgos.com\/dvwps\/wp-json\/wp\/v2\/posts\/17922"}],"collection":[{"href":"https:\/\/diariodevurgos.com\/dvwps\/wp-json\/wp\/v2\/posts"}],"about":[{"href":"https:\/\/diariodevurgos.com\/dvwps\/wp-json\/wp\/v2\/types\/post"}],"author":[{"embeddable":true,"href":"https:\/\/diariodevurgos.com\/dvwps\/wp-json\/wp\/v2\/users\/2"}],"replies":[{"embeddable":true,"href":"https:\/\/diariodevurgos.com\/dvwps\/wp-json\/wp\/v2\/comments?post=17922"}],"version-history":[{"count":6,"href":"https:\/\/diariodevurgos.com\/dvwps\/wp-json\/wp\/v2\/posts\/17922\/revisions"}],"predecessor-version":[{"id":17933,"href":"https:\/\/diariodevurgos.com\/dvwps\/wp-json\/wp\/v2\/posts\/17922\/revisions\/17933"}],"wp:featuredmedia":[{"embeddable":true,"href":"https:\/\/diariodevurgos.com\/dvwps\/wp-json\/wp\/v2\/media\/17924"}],"wp:attachment":[{"href":"https:\/\/diariodevurgos.com\/dvwps\/wp-json\/wp\/v2\/media?parent=17922"}],"wp:term":[{"taxonomy":"category","embeddable":true,"href":"https:\/\/diariodevurgos.com\/dvwps\/wp-json\/wp\/v2\/categories?post=17922"},{"taxonomy":"post_tag","embeddable":true,"href":"https:\/\/diariodevurgos.com\/dvwps\/wp-json\/wp\/v2\/tags?post=17922"}],"curies":[{"name":"wp","href":"https:\/\/api.w.org\/{rel}","templated":true}]}}