{"id":17923,"date":"2017-03-20T21:49:11","date_gmt":"2017-03-20T20:49:11","guid":{"rendered":"http:\/\/diariodevurgos.com\/dvwps\/?p=17923"},"modified":"2017-03-20T23:17:04","modified_gmt":"2017-03-20T22:17:04","slug":"juicio-en-madrid-por-solidarizarse-con-gamonal","status":"publish","type":"post","link":"https:\/\/diariodevurgos.com\/dvwps\/juicio-en-madrid-por-solidarizarse-con-gamonal.php","title":{"rendered":"Juicio en Madrid por solidarizarse con Gamonal"},"content":{"rendered":"<p class=\"lead\">Ma\u00f1ana <strong>martes 21 de marzo<\/strong>, <strong>5 personas<\/strong> ser\u00e1n juzgadas por solidarizarse en <strong>Madrid<\/strong> con la lucha del barrio burgal\u00e9s de Gamonal.<\/p>\n<p><!--more--><\/p>\n<p>A ra\u00ed\u00adz de las protestas contra el bulevar, una ola de solidaridad se desat\u00f3 por todo el Estado espa\u00f1ol. Madrid, fue una de las ciudades que apoy\u00f3 a las vecinas de Gamonal en su lucha contra el caciquismo. El 15 de enero de 2014, en una masiva manifestaci\u00f3n se detuvo a las personas que ma\u00f1ana martes ser\u00e1n juzgadas.<\/p>\n<p>Desde la asamblea de Gamonal, acudir\u00e1n compa\u00f1eras para acompa\u00f1ar en esta persecuci\u00f3n policial a las personas que hace tres a\u00f1os\u00a0salieron a la calle mostrando su rabia frente a la represi\u00f3n sufrida en el barrio de Gamonal.<\/p>\n<p>Se convoca una <strong>concentraci\u00f3n de apoyo a las 11<\/strong> delante del juzgado de lo penal, n\u00ba1, situado en la calle\u00a0<strong>Juli\u00e1n Camarillo, 11.<\/strong><\/p>\n<p>&nbsp;<\/p>\n","protected":false},"excerpt":{"rendered":"<p>Ma\u00f1ana martes 21 de marzo, 5 personas ser\u00e1n juzgadas por solidarizarse en Madrid con la lucha del barrio burgal\u00e9s de Gamonal.<\/p>\n","protected":false},"author":69,"featured_media":17928,"comment_status":"open","ping_status":"closed","sticky":false,"template":"","format":"standard","meta":[],"categories":[75,74,27,49,17],"tags":[],"_links":{"self":[{"href":"https:\/\/diariodevurgos.com\/dvwps\/wp-json\/wp\/v2\/posts\/17923"}],"collection":[{"href":"https:\/\/diariodevurgos.com\/dvwps\/wp-json\/wp\/v2\/posts"}],"about":[{"href":"https:\/\/diariodevurgos.com\/dvwps\/wp-json\/wp\/v2\/types\/post"}],"author":[{"embeddable":true,"href":"https:\/\/diariodevurgos.com\/dvwps\/wp-json\/wp\/v2\/users\/69"}],"replies":[{"embeddable":true,"href":"https:\/\/diariodevurgos.com\/dvwps\/wp-json\/wp\/v2\/comments?post=17923"}],"version-history":[{"count":3,"href":"https:\/\/diariodevurgos.com\/dvwps\/wp-json\/wp\/v2\/posts\/17923\/revisions"}],"predecessor-version":[{"id":17935,"href":"https:\/\/diariodevurgos.com\/dvwps\/wp-json\/wp\/v2\/posts\/17923\/revisions\/17935"}],"wp:featuredmedia":[{"embeddable":true,"href":"https:\/\/diariodevurgos.com\/dvwps\/wp-json\/wp\/v2\/media\/17928"}],"wp:attachment":[{"href":"https:\/\/diariodevurgos.com\/dvwps\/wp-json\/wp\/v2\/media?parent=17923"}],"wp:term":[{"taxonomy":"category","embeddable":true,"href":"https:\/\/diariodevurgos.com\/dvwps\/wp-json\/wp\/v2\/categories?post=17923"},{"taxonomy":"post_tag","embeddable":true,"href":"https:\/\/diariodevurgos.com\/dvwps\/wp-json\/wp\/v2\/tags?post=17923"}],"curies":[{"name":"wp","href":"https:\/\/api.w.org\/{rel}","templated":true}]}}