{"id":17941,"date":"2017-03-22T16:46:27","date_gmt":"2017-03-22T15:46:27","guid":{"rendered":"http:\/\/diariodevurgos.com\/dvwps\/?p=17941"},"modified":"2017-03-22T17:01:18","modified_gmt":"2017-03-22T16:01:18","slug":"por-el-pan-la-tierra-y-la-libertad-el-anarquismo-en-la-revolucion-rusa","status":"publish","type":"post","link":"https:\/\/diariodevurgos.com\/dvwps\/por-el-pan-la-tierra-y-la-libertad-el-anarquismo-en-la-revolucion-rusa.php","title":{"rendered":"Por el pan, la tierra y la libertad. El anarquismo en la revoluci\u00f3n rusa"},"content":{"rendered":"<p class=\"lead\">Por el pan, la tierra y la libertad es un detenido estudio sobre el protagonismo que tuvo el anarquismo en &#8220;el acontecimiento que cambi\u00f3 el mundo&#8221;: la Revoluci\u00f3n rusa.<\/p>\n<p>El libro repasa los antecedentes del movimiento revolucionario y anarquista, a trav\u00e9s de sus grandes figuras como Bakunin o Kropotkin, o de procesos precursores casi in\u00e9ditos como los que se desarrollaron en Bialystok y Krinki que trascienden la propia Revoluci\u00f3n de 1905.<\/p>\n<p><!--more--><\/p>\n<p>Se analizan las enconadas posturas del anarquismo ruso e internacional ante la Primera Guerra Mundial, la que nos pone en relaci\u00f3n con los estallidos revolucionarios de febrero y octubre de 1917, en los que el anarquismo va a tener especial relevancia, lo que se fragu\u00f3 en las d\u00e9cadas previas. Una vez que los bolcheviques toman el poder en octubre de 1917, el anarquismo se convertir\u00e1 en la fuerza alternativa. Posteriormente, inmersos en el contexto de guerra civil se produce en Ucrania la experiencia comunista libertaria majnovista y, por otro lado, la insurrecci\u00f3n de Kronstadt que mostraban el desencanto de buena parte de las fuerzas revolucionarias con el nuevo dominio imperante que no dud\u00f3 en aplicar una feroz represi\u00f3n contra aquellos que hab\u00ed\u00adan estado a su lado liquidando el r\u00e9gimen zarista.<\/p>\n<p>Casi a modo de ep\u00ed\u00adlogo el libro expone las actividades y discusiones que perduran en el movimiento anarquista ruso del interior y el exilio al que se ver\u00ed\u00adan abocados muchos de ellos.<\/p>\n<p style=\"text-align: center;\"><img loading=\"lazy\" class=\"alignnone \" src=\"http:\/\/www.inventati.org\/instintosalvaje\/wp-content\/uploads\/2017\/03\/01_promo_Por-el-Pan.jpg\" width=\"426\" height=\"284\" \/><\/p>\n<p>El historiador Juli\u00e1n Vadillo Mu\u00f1oz logra analizar el anarquismo ruso en su justa medida, ya que como movimiento derrotado en este proceso ha tenido siempre una atenci\u00f3n tergiversada de su historia cuando no condenada al olvido. Con una firme pretensi\u00f3n divulgativa, acercando estos hechos a todo tipo de p\u00fablico y sin perder rigor por ello, con una clara contextualizaci\u00f3n hist\u00f3rica, nos presenta en el estudio a los personajes, organizaciones y grupos, prensa, las dificultades, los debates y posiciones, las realizaciones revolucionarias&#8230; que alcanz\u00f3 el anarquismo ruso en este periodo.<br \/>\n<strong>JULI\u00ed\u0081N VADILLO MU\u00d1OZ<\/strong> (Madrid, 1981), doctor en Historia por la Universidad Complutense de Madrid. Especializado en historia del movimiento obrero, es autor de numerosas obras sobre el tema como Aproximaci\u00f3 a Mujeres Libres; La explosi\u00f3n del polvor\u00ed\u00adn en Alcal\u00e1 de Henares(1947); Mauro Bajatierra. Anarquista y periodista de acci\u00f3n; El hilo rojinegro de la prensa confederal. Ochenta aniversario del peri\u00f3dico CNT; Abriendo brecha. Los inicios de la lucha de las mujeres por su emancipaci\u00f3n. El ejemplo de Soledad Gustavo (editado tambi\u00e9n por Volap\u00ed\u00bck) e Historia del movimiento obrero en Alcal\u00e1 de Henares (1868-1939). Autor de numerosos art\u00ed\u00adculos en revistas especializadas espa\u00f1olas y francesas, ha participado en diversos congresos nacionales e internacionales. Ha realizado conferencias sobre la historia del anarquismo y del movimiento obrero en Londres (invitado por Paul Preston en London School of Economics), Francia y Espa\u00f1a. Su campo de estudio tambi\u00e9n se sit\u00faa en la recuperaci\u00f3n de la memoria hist\u00f3rica colaborando con movimientos memorialistas. Su inter\u00e9s sobre la historia de Rusia y su movimiento obrero le ha llevado a recopilar durante a\u00f1os una importante cantidad de documentos y libros que ha dado lugar a este estudio.<\/p>\n","protected":false},"excerpt":{"rendered":"<p>Por el pan, la tierra y la libertad es un detenido estudio sobre el protagonismo que tuvo el anarquismo en &#8220;el acontecimiento que cambi\u00f3 el mundo&#8221;: la Revoluci\u00f3n rusa. El libro repasa los antecedentes del movimiento revolucionario y anarquista, a trav\u00e9s de sus grandes figuras como Bakunin o Kropotkin, o de procesos precursores casi in\u00e9ditos&#8230;  <a href=\"https:\/\/diariodevurgos.com\/dvwps\/por-el-pan-la-tierra-y-la-libertad-el-anarquismo-en-la-revolucion-rusa.php\" class=\"more-link\" title=\"Read Por el pan, la tierra y la libertad. El anarquismo en la revoluci\u00f3n rusa\">Read more &raquo;<\/a><\/p>\n","protected":false},"author":2,"featured_media":17942,"comment_status":"open","ping_status":"closed","sticky":false,"template":"","format":"standard","meta":[],"categories":[6,30,79],"tags":[],"_links":{"self":[{"href":"https:\/\/diariodevurgos.com\/dvwps\/wp-json\/wp\/v2\/posts\/17941"}],"collection":[{"href":"https:\/\/diariodevurgos.com\/dvwps\/wp-json\/wp\/v2\/posts"}],"about":[{"href":"https:\/\/diariodevurgos.com\/dvwps\/wp-json\/wp\/v2\/types\/post"}],"author":[{"embeddable":true,"href":"https:\/\/diariodevurgos.com\/dvwps\/wp-json\/wp\/v2\/users\/2"}],"replies":[{"embeddable":true,"href":"https:\/\/diariodevurgos.com\/dvwps\/wp-json\/wp\/v2\/comments?post=17941"}],"version-history":[{"count":2,"href":"https:\/\/diariodevurgos.com\/dvwps\/wp-json\/wp\/v2\/posts\/17941\/revisions"}],"predecessor-version":[{"id":17944,"href":"https:\/\/diariodevurgos.com\/dvwps\/wp-json\/wp\/v2\/posts\/17941\/revisions\/17944"}],"wp:featuredmedia":[{"embeddable":true,"href":"https:\/\/diariodevurgos.com\/dvwps\/wp-json\/wp\/v2\/media\/17942"}],"wp:attachment":[{"href":"https:\/\/diariodevurgos.com\/dvwps\/wp-json\/wp\/v2\/media?parent=17941"}],"wp:term":[{"taxonomy":"category","embeddable":true,"href":"https:\/\/diariodevurgos.com\/dvwps\/wp-json\/wp\/v2\/categories?post=17941"},{"taxonomy":"post_tag","embeddable":true,"href":"https:\/\/diariodevurgos.com\/dvwps\/wp-json\/wp\/v2\/tags?post=17941"}],"curies":[{"name":"wp","href":"https:\/\/api.w.org\/{rel}","templated":true}]}}