{"id":18,"date":"2007-01-08T06:21:08","date_gmt":"2007-01-08T13:21:08","guid":{"rendered":"http:\/\/diariodevurgos.com\/dvwps\/la-ong-el-anestesico-mundial-calma-tu-conciencia.php"},"modified":"2007-01-21T10:14:43","modified_gmt":"2007-01-21T16:14:43","slug":"la-ong-el-anestesico-mundial-calma-tu-conciencia","status":"publish","type":"post","link":"https:\/\/diariodevurgos.com\/dvwps\/la-ong-el-anestesico-mundial-calma-tu-conciencia.php","title":{"rendered":"La ONG, calma tu conciencia"},"content":{"rendered":"<p class=\"lead\"><img align=\"right\" alt=\"Justine\" title=\"Justine\" src=\"http:\/\/diariodevurgos.com\/dvwps\/wp-content\/uploads\/2007\/01\/justine.jpg\" \/>El hombre m\u00e1s rico del mundo y su esposa tambi\u00e9n tienen conciencias, unas conciencias que les han hecho financiar una de las m\u00e1s importantes ONG del mundo &#8220;<a title=\"FBYMG\" href=\"http:\/\/es.wikipedia.org\/wiki\/Fundaci%C3%B3n_Bill_y_Melinda_Gates\">Fundaci\u00f3n Bill y Melinda Gates<\/a>&#8220;\u009d. Hace poco que los Pr\u00ed\u00adncipes de Asturias otorgaron <a title=\"Premio\" href=\"http:\/\/www.20minutos.es\/noticia\/114959\/0\/principe\/asturias\/gates\/\">el premio de cooperaci\u00f3n internacional<\/a> a dicha organizaci\u00f3n.<\/p>\n<p><!--more--><\/p>\n<p>Seg\u00fan nos cuentan en <a title=\"noticiaJustice\" href=\"http:\/\/www.latimes.com\/news\/nationworld\/nation\/la-na-gatesx07jan07,0,4205044,full.story?coll=la-home-headlines\">esta noticia(ingles)<\/a>, Justice es la ni\u00f1a de la foto, tiene 14 meses y acaba de recibir la vacuna de la polio por la ONG de Bill y Melinda. Justice tiene otros problemas m\u00e1s importantes que la polio, sufre de un problema respiratorio desde que naci\u00f3. No es raro, donde vive(Ebocha , Nigeria) miles de personas sufren de bronquitis, asma y otras enfermedades respiratorias, muchos ni\u00f1os tienen incluso visi\u00f3n borrosa.<\/p>\n<p>Justice vive cerca de una planta petrolera de la multinacional <a title=\"eni\" href=\"http:\/\/www.eni.it\/home\/home_en.html\">Eni<\/a>, que cada d\u00ed\u00ada lanza al aire unas 250 sustancias t\u00f3xicas a las que se las relaciona con las enfermedades respiratorias que sufren los vecinos de Justice. Casualmente esta empresa italiana es una de las empresas de las que la ONG de Bill y Melinda obtienen dinero para comprar y administrar las medicinas. La misma mano que proporciona una vacuna a Justice la esta matando.<\/p>\n<p>Este como otros tantos ejemplos son una muestra m\u00e1s de que este sistema infecto basado en el capital no tiene caras buenas ni caras malas, solo tiene una cara, la de hacer dinero, las dem\u00e1s son todas falsas. No te dejes enga\u00f1ar, las ONGs no son ni una soluci\u00f3n ni van a cambiar nada.<\/p>\n","protected":false},"excerpt":{"rendered":"<p>El hombre m\u00e1s rico del mundo y su esposa tambi\u00e9n tienen conciencias, unas conciencias que les han hecho financiar una de las m\u00e1s importantes ONG del mundo &#8220;Fundaci\u00f3n Bill y Melinda Gates&#8220;\u009d. Hace poco que los Pr\u00ed\u00adncipes de Asturias otorgaron el premio de cooperaci\u00f3n internacional a dicha organizaci\u00f3n.<\/p>\n","protected":false},"author":1,"featured_media":0,"comment_status":"open","ping_status":"open","sticky":false,"template":"","format":"standard","meta":[],"categories":[6],"tags":[],"_links":{"self":[{"href":"https:\/\/diariodevurgos.com\/dvwps\/wp-json\/wp\/v2\/posts\/18"}],"collection":[{"href":"https:\/\/diariodevurgos.com\/dvwps\/wp-json\/wp\/v2\/posts"}],"about":[{"href":"https:\/\/diariodevurgos.com\/dvwps\/wp-json\/wp\/v2\/types\/post"}],"author":[{"embeddable":true,"href":"https:\/\/diariodevurgos.com\/dvwps\/wp-json\/wp\/v2\/users\/1"}],"replies":[{"embeddable":true,"href":"https:\/\/diariodevurgos.com\/dvwps\/wp-json\/wp\/v2\/comments?post=18"}],"version-history":[{"count":0,"href":"https:\/\/diariodevurgos.com\/dvwps\/wp-json\/wp\/v2\/posts\/18\/revisions"}],"wp:attachment":[{"href":"https:\/\/diariodevurgos.com\/dvwps\/wp-json\/wp\/v2\/media?parent=18"}],"wp:term":[{"taxonomy":"category","embeddable":true,"href":"https:\/\/diariodevurgos.com\/dvwps\/wp-json\/wp\/v2\/categories?post=18"},{"taxonomy":"post_tag","embeddable":true,"href":"https:\/\/diariodevurgos.com\/dvwps\/wp-json\/wp\/v2\/tags?post=18"}],"curies":[{"name":"wp","href":"https:\/\/api.w.org\/{rel}","templated":true}]}}