{"id":18029,"date":"2017-04-05T12:08:50","date_gmt":"2017-04-05T11:08:50","guid":{"rendered":"http:\/\/diariodevurgos.com\/dvwps\/?p=18029"},"modified":"2017-04-26T15:56:08","modified_gmt":"2017-04-26T14:56:08","slug":"jornadas-feministas-en-el-centro-social-recuperado-de-gamonal","status":"publish","type":"post","link":"https:\/\/diariodevurgos.com\/dvwps\/jornadas-feministas-en-el-centro-social-recuperado-de-gamonal.php","title":{"rendered":"Jornadas feministas en el Centro Social Recuperado de Gamonal"},"content":{"rendered":"<div class=\"text_exposed_root text_exposed\">Este fin de semana, 29 y 30 de abril, tendr\u00e1n lugar unas interesantes jornadas en el CSR Gamonal.<\/div>\n<div id=\"id_5900a51b86e0c2470367255\" class=\"text_exposed_root text_exposed\">Estas jornadas feministas nacen de la necesidad de mostrar otras visiones de las opresiones a las que nos somete el sistema patriarcal-capitalista en el que vivimos.<\/div>\n<p class=\"lead\">Creemos importante construir espacios c\u00f3modos, de confianza, donde podamos ser libres para cuestionar todo tipo de poder y jerarqu\u00ed\u00ada que nos afecte.<br \/>\nDe una manera pr\u00e1ctica, din\u00e1mica y participativa, donde se escuchen todas la voces, <span class=\"text_exposed_show\">donde el debate y la reflexi\u00f3n nos haga crecer.<br \/>\nCon este encuentro queremos construir entre todas un sentir com\u00fan, activo y combativo. Tejiendo redes desde los m\u00e1rgentes para lograr herramientas colectivas desde las que poder luchar d\u00ed\u00ada a d\u00ed\u00ada, desde cada una y desde todas, contra el orden social establecido y todo tipo de estructura de poder.<br \/>\n<strong>NO SOMOS UNA, SOMOS MUCHAS, VALIENTES, FUERTES Y DECIDIDADS A ENFRENTARNOS CONTRA TODO LO QUE NOS SOMETE<\/strong>.<br \/>\nP\u00e1sate, te esperamos&#8230;<\/span><\/p>\n<p>&nbsp;<\/p>\n<p>&nbsp;<\/p>\n<p style=\"text-align: center;\">\n","protected":false},"excerpt":{"rendered":"<p>Este fin de semana, 29 y 30 de abril, tendr\u00e1n lugar unas interesantes jornadas en el CSR Gamonal. Estas jornadas feministas nacen de la necesidad de mostrar otras visiones de las opresiones a las que nos somete el sistema patriarcal-capitalista en el que vivimos. Creemos importante construir espacios c\u00f3modos, de confianza, donde podamos ser libres&#8230;  <a href=\"https:\/\/diariodevurgos.com\/dvwps\/jornadas-feministas-en-el-centro-social-recuperado-de-gamonal.php\" class=\"more-link\" title=\"Read Jornadas feministas en el Centro Social Recuperado de Gamonal\">Read more &raquo;<\/a><\/p>\n","protected":false},"author":2,"featured_media":18109,"comment_status":"open","ping_status":"closed","sticky":false,"template":"","format":"standard","meta":[],"categories":[61,2,57,78,103,14,66,27,26],"tags":[],"_links":{"self":[{"href":"https:\/\/diariodevurgos.com\/dvwps\/wp-json\/wp\/v2\/posts\/18029"}],"collection":[{"href":"https:\/\/diariodevurgos.com\/dvwps\/wp-json\/wp\/v2\/posts"}],"about":[{"href":"https:\/\/diariodevurgos.com\/dvwps\/wp-json\/wp\/v2\/types\/post"}],"author":[{"embeddable":true,"href":"https:\/\/diariodevurgos.com\/dvwps\/wp-json\/wp\/v2\/users\/2"}],"replies":[{"embeddable":true,"href":"https:\/\/diariodevurgos.com\/dvwps\/wp-json\/wp\/v2\/comments?post=18029"}],"version-history":[{"count":5,"href":"https:\/\/diariodevurgos.com\/dvwps\/wp-json\/wp\/v2\/posts\/18029\/revisions"}],"predecessor-version":[{"id":18116,"href":"https:\/\/diariodevurgos.com\/dvwps\/wp-json\/wp\/v2\/posts\/18029\/revisions\/18116"}],"wp:featuredmedia":[{"embeddable":true,"href":"https:\/\/diariodevurgos.com\/dvwps\/wp-json\/wp\/v2\/media\/18109"}],"wp:attachment":[{"href":"https:\/\/diariodevurgos.com\/dvwps\/wp-json\/wp\/v2\/media?parent=18029"}],"wp:term":[{"taxonomy":"category","embeddable":true,"href":"https:\/\/diariodevurgos.com\/dvwps\/wp-json\/wp\/v2\/categories?post=18029"},{"taxonomy":"post_tag","embeddable":true,"href":"https:\/\/diariodevurgos.com\/dvwps\/wp-json\/wp\/v2\/tags?post=18029"}],"curies":[{"name":"wp","href":"https:\/\/api.w.org\/{rel}","templated":true}]}}