{"id":18065,"date":"2017-04-17T16:03:42","date_gmt":"2017-04-17T15:03:42","guid":{"rendered":"http:\/\/diariodevurgos.com\/dvwps\/?p=18065"},"modified":"2017-04-17T16:03:42","modified_gmt":"2017-04-17T15:03:42","slug":"cafe-tertulia-en-la-biblioteca-la-maldita-lectura-colectiva-del-libro-colapso","status":"publish","type":"post","link":"https:\/\/diariodevurgos.com\/dvwps\/cafe-tertulia-en-la-biblioteca-la-maldita-lectura-colectiva-del-libro-colapso.php","title":{"rendered":"Cafe-tertulia en la Biblioteca La Maldita: lectura colectiva del libro Colapso"},"content":{"rendered":"<p class=\"lead\">El viernes 21 de abril de 2017 la Biblioteca Anarquista La Maldita acoger\u00e1 el desarrollo de un nuevo caf\u00e9-tertulia donde se realizar\u00e1 la lectura colectiva del &#8220;ecofascismo&#8221;\u009d, cap\u00ed\u00adtulo del libro Colapso de Carlos. La actividad dar\u00e1 comienzo a las 18:00 horas.<\/p>\n<p style=\"text-align: center;\"><img loading=\"lazy\" class=\"aligncenter  wp-image-18066\" src=\"http:\/\/diariodevurgos.com\/dvwps\/wp-content\/uploads\/2017\/04\/IMG_2403.jpg\" alt=\"\" width=\"462\" height=\"308\" srcset=\"https:\/\/diariodevurgos.com\/dvwps\/wp-content\/uploads\/2017\/04\/IMG_2403.jpg 870w, https:\/\/diariodevurgos.com\/dvwps\/wp-content\/uploads\/2017\/04\/IMG_2403-300x200.jpg 300w, https:\/\/diariodevurgos.com\/dvwps\/wp-content\/uploads\/2017\/04\/IMG_2403-768x512.jpg 768w, https:\/\/diariodevurgos.com\/dvwps\/wp-content\/uploads\/2017\/04\/IMG_2403-370x247.jpg 370w\" sizes=\"(max-width: 462px) 100vw, 462px\" \/><\/p>\n","protected":false},"excerpt":{"rendered":"<p>El viernes 21 de abril de 2017 la Biblioteca Anarquista La Maldita acoger\u00e1 el desarrollo de un nuevo caf\u00e9-tertulia donde se realizar\u00e1 la lectura colectiva del &#8220;ecofascismo&#8221;\u009d, cap\u00ed\u00adtulo del libro Colapso de Carlos. La actividad dar\u00e1 comienzo a las 18:00 horas.<\/p>\n","protected":false},"author":2,"featured_media":18066,"comment_status":"open","ping_status":"closed","sticky":false,"template":"","format":"standard","meta":[],"categories":[57,14,27,47,30,7],"tags":[],"_links":{"self":[{"href":"https:\/\/diariodevurgos.com\/dvwps\/wp-json\/wp\/v2\/posts\/18065"}],"collection":[{"href":"https:\/\/diariodevurgos.com\/dvwps\/wp-json\/wp\/v2\/posts"}],"about":[{"href":"https:\/\/diariodevurgos.com\/dvwps\/wp-json\/wp\/v2\/types\/post"}],"author":[{"embeddable":true,"href":"https:\/\/diariodevurgos.com\/dvwps\/wp-json\/wp\/v2\/users\/2"}],"replies":[{"embeddable":true,"href":"https:\/\/diariodevurgos.com\/dvwps\/wp-json\/wp\/v2\/comments?post=18065"}],"version-history":[{"count":1,"href":"https:\/\/diariodevurgos.com\/dvwps\/wp-json\/wp\/v2\/posts\/18065\/revisions"}],"predecessor-version":[{"id":18067,"href":"https:\/\/diariodevurgos.com\/dvwps\/wp-json\/wp\/v2\/posts\/18065\/revisions\/18067"}],"wp:featuredmedia":[{"embeddable":true,"href":"https:\/\/diariodevurgos.com\/dvwps\/wp-json\/wp\/v2\/media\/18066"}],"wp:attachment":[{"href":"https:\/\/diariodevurgos.com\/dvwps\/wp-json\/wp\/v2\/media?parent=18065"}],"wp:term":[{"taxonomy":"category","embeddable":true,"href":"https:\/\/diariodevurgos.com\/dvwps\/wp-json\/wp\/v2\/categories?post=18065"},{"taxonomy":"post_tag","embeddable":true,"href":"https:\/\/diariodevurgos.com\/dvwps\/wp-json\/wp\/v2\/tags?post=18065"}],"curies":[{"name":"wp","href":"https:\/\/api.w.org\/{rel}","templated":true}]}}