{"id":18093,"date":"2017-04-26T00:01:34","date_gmt":"2017-04-25T23:01:34","guid":{"rendered":"http:\/\/diariodevurgos.com\/dvwps\/?p=18093"},"modified":"2017-04-25T18:34:38","modified_gmt":"2017-04-25T17:34:38","slug":"18093","status":"publish","type":"post","link":"https:\/\/diariodevurgos.com\/dvwps\/18093.php","title":{"rendered":"La sombra de la corrupci\u00f3n sobre Arranz-Acinas"},"content":{"rendered":"<p class=\"lead\">El pasado 21 de abril de 2017 la sede de Arranz-Acinas en Burgos fue registrada por efectivos de la Guardia Civil en relaci\u00f3n con la posible implicaci\u00f3n de la constructora burgalesa con el desv\u00ed\u00ado de fondos del Canal de Isabel II para la financiaci\u00f3n del Partido Popular.<\/p>\n<p>Desde DV os remitimos al art\u00ed\u00adculo publicado en el blog <a href=\"http:\/\/www.degamonalalmundo.net\/el-cumulo-de-verguenzas-del-clan-arranz-acinas\/\"><em>De Gamonal al mundo<\/em><\/a> donde se hace un repaso de la trayectoria de la constructora burgalesa y sus conexiones con la corrupci\u00f3n.<\/p>\n","protected":false},"excerpt":{"rendered":"<p>El pasado 21 de abril de 2017 la sede de Arranz-Acinas en Burgos fue registrada por efectivos de la Guardia Civil en relaci\u00f3n con la posible implicaci\u00f3n de la constructora burgalesa con el desv\u00ed\u00ado de fondos del Canal de Isabel II para la financiaci\u00f3n del Partido Popular. Desde DV os remitimos al art\u00ed\u00adculo publicado en&#8230;  <a href=\"https:\/\/diariodevurgos.com\/dvwps\/18093.php\" class=\"more-link\" title=\"Read La sombra de la corrupci\u00f3n sobre Arranz-Acinas\">Read more &raquo;<\/a><\/p>\n","protected":false},"author":2,"featured_media":18094,"comment_status":"open","ping_status":"closed","sticky":false,"template":"","format":"standard","meta":[],"categories":[2,95,94,12],"tags":[],"_links":{"self":[{"href":"https:\/\/diariodevurgos.com\/dvwps\/wp-json\/wp\/v2\/posts\/18093"}],"collection":[{"href":"https:\/\/diariodevurgos.com\/dvwps\/wp-json\/wp\/v2\/posts"}],"about":[{"href":"https:\/\/diariodevurgos.com\/dvwps\/wp-json\/wp\/v2\/types\/post"}],"author":[{"embeddable":true,"href":"https:\/\/diariodevurgos.com\/dvwps\/wp-json\/wp\/v2\/users\/2"}],"replies":[{"embeddable":true,"href":"https:\/\/diariodevurgos.com\/dvwps\/wp-json\/wp\/v2\/comments?post=18093"}],"version-history":[{"count":3,"href":"https:\/\/diariodevurgos.com\/dvwps\/wp-json\/wp\/v2\/posts\/18093\/revisions"}],"predecessor-version":[{"id":18097,"href":"https:\/\/diariodevurgos.com\/dvwps\/wp-json\/wp\/v2\/posts\/18093\/revisions\/18097"}],"wp:featuredmedia":[{"embeddable":true,"href":"https:\/\/diariodevurgos.com\/dvwps\/wp-json\/wp\/v2\/media\/18094"}],"wp:attachment":[{"href":"https:\/\/diariodevurgos.com\/dvwps\/wp-json\/wp\/v2\/media?parent=18093"}],"wp:term":[{"taxonomy":"category","embeddable":true,"href":"https:\/\/diariodevurgos.com\/dvwps\/wp-json\/wp\/v2\/categories?post=18093"},{"taxonomy":"post_tag","embeddable":true,"href":"https:\/\/diariodevurgos.com\/dvwps\/wp-json\/wp\/v2\/tags?post=18093"}],"curies":[{"name":"wp","href":"https:\/\/api.w.org\/{rel}","templated":true}]}}