{"id":18133,"date":"2017-05-01T22:26:23","date_gmt":"2017-05-01T21:26:23","guid":{"rendered":"http:\/\/diariodevurgos.com\/dvwps\/?p=18133"},"modified":"2017-05-01T22:32:33","modified_gmt":"2017-05-01T21:32:33","slug":"cuarto-numero-de-la-revista-concejo-repensando-el-territorio","status":"publish","type":"post","link":"https:\/\/diariodevurgos.com\/dvwps\/cuarto-numero-de-la-revista-concejo-repensando-el-territorio.php","title":{"rendered":"Cuarto n\u00famero de la revista Concejo: repensando el territorio"},"content":{"rendered":"<p class=\"lead\">Bajo el mismo criterio que gest\u00f3 su alumbramiento -el habilitar un punto de encuentro donde construir pensamiento cr\u00ed\u00adtico-, se abre hueco el cuarto n\u00famero de la revista<a href=\"http:\/\/zamarracoediciones.net\/publicaciones.html\"><em> Concejo<\/em><\/a>.<\/p>\n<p>Manteni\u00e9ndose independiente de cualquier tipo de filiaci\u00f3n ideol\u00f3gica u organizativa, incluso m\u00e1s all\u00e1 de un saber hacer ligado a pr\u00e1cticas aut\u00f3nomas o libertarias, quiere ser una invitaci\u00f3n a tomar la palabra desde el argumento, la diferencia y la pausa.<!--more--><\/p>\n<p>Porque, en lugar de ser el medio de expresi\u00f3n de esta u otra fracci\u00f3n del panorama pol\u00ed\u00adtico, Concejo pertenece a quien escriba en sus p\u00e1ginas, a quien est\u00e9 dispuesto a poner en evidencia las fallas de su discurso y a hacer de su superaci\u00f3n un reto com\u00fan.<\/p>\n<p>En esta ocasi\u00f3n el objeto de estudio, y de disputa, es amplio: se trata de localizar las coordenadas donde situar la imbricaci\u00f3n entre territorio, comunidad, identidad, luchas sociales&#8230;Plantear una mirada distinta hacia Castilla, y lo castellano, alejada de clich\u00e9s y de los caminos trillados de la academia. Sin presupuestos que condicionen el debate y donde poder ir engarzando turnos de palabra con los que escrutar las dudas y las certezas que afloran a la superficie del papel.<\/p>\n<p style=\"text-align: center;\"><img loading=\"lazy\" class=\"aligncenter wp-image-18134\" src=\"http:\/\/diariodevurgos.com\/dvwps\/wp-content\/uploads\/2017\/05\/concejo4.jpg\" alt=\"\" width=\"301\" height=\"425\" srcset=\"https:\/\/diariodevurgos.com\/dvwps\/wp-content\/uploads\/2017\/05\/concejo4.jpg 235w, https:\/\/diariodevurgos.com\/dvwps\/wp-content\/uploads\/2017\/05\/concejo4-212x300.jpg 212w\" sizes=\"(max-width: 301px) 100vw, 301px\" \/><\/p>\n<p>Acabar recordando que esta publicaci\u00f3n es una producci\u00f3n de una editorial,<a href=\"http:\/\/zamarracoediciones.net\"><em> Lecturas de Zamarraco<\/em><\/a>, que enmarca todos sus materiales dentro de una l\u00f3gica comunal. Superar las cortapisas del patrocinio o la subvenci\u00f3n, en un empe\u00f1o por generar comunidad, es la tarea de su apuesta.<\/p>\n","protected":false},"excerpt":{"rendered":"<p>Bajo el mismo criterio que gest\u00f3 su alumbramiento -el habilitar un punto de encuentro donde construir pensamiento cr\u00ed\u00adtico-, se abre hueco el cuarto n\u00famero de la revista Concejo. Manteni\u00e9ndose independiente de cualquier tipo de filiaci\u00f3n ideol\u00f3gica u organizativa, incluso m\u00e1s all\u00e1 de un saber hacer ligado a pr\u00e1cticas aut\u00f3nomas o libertarias, quiere ser una invitaci\u00f3n&#8230;  <a href=\"https:\/\/diariodevurgos.com\/dvwps\/cuarto-numero-de-la-revista-concejo-repensando-el-territorio.php\" class=\"more-link\" title=\"Read Cuarto n\u00famero de la revista Concejo: repensando el territorio\">Read more &raquo;<\/a><\/p>\n","protected":false},"author":2,"featured_media":18134,"comment_status":"open","ping_status":"closed","sticky":false,"template":"","format":"standard","meta":[],"categories":[2,79,8,7],"tags":[],"_links":{"self":[{"href":"https:\/\/diariodevurgos.com\/dvwps\/wp-json\/wp\/v2\/posts\/18133"}],"collection":[{"href":"https:\/\/diariodevurgos.com\/dvwps\/wp-json\/wp\/v2\/posts"}],"about":[{"href":"https:\/\/diariodevurgos.com\/dvwps\/wp-json\/wp\/v2\/types\/post"}],"author":[{"embeddable":true,"href":"https:\/\/diariodevurgos.com\/dvwps\/wp-json\/wp\/v2\/users\/2"}],"replies":[{"embeddable":true,"href":"https:\/\/diariodevurgos.com\/dvwps\/wp-json\/wp\/v2\/comments?post=18133"}],"version-history":[{"count":3,"href":"https:\/\/diariodevurgos.com\/dvwps\/wp-json\/wp\/v2\/posts\/18133\/revisions"}],"predecessor-version":[{"id":18137,"href":"https:\/\/diariodevurgos.com\/dvwps\/wp-json\/wp\/v2\/posts\/18133\/revisions\/18137"}],"wp:featuredmedia":[{"embeddable":true,"href":"https:\/\/diariodevurgos.com\/dvwps\/wp-json\/wp\/v2\/media\/18134"}],"wp:attachment":[{"href":"https:\/\/diariodevurgos.com\/dvwps\/wp-json\/wp\/v2\/media?parent=18133"}],"wp:term":[{"taxonomy":"category","embeddable":true,"href":"https:\/\/diariodevurgos.com\/dvwps\/wp-json\/wp\/v2\/categories?post=18133"},{"taxonomy":"post_tag","embeddable":true,"href":"https:\/\/diariodevurgos.com\/dvwps\/wp-json\/wp\/v2\/tags?post=18133"}],"curies":[{"name":"wp","href":"https:\/\/api.w.org\/{rel}","templated":true}]}}