{"id":1827,"date":"2008-09-07T19:57:22","date_gmt":"2008-09-07T18:57:22","guid":{"rendered":"http:\/\/diariodevurgos.com\/dvwps\/vacaciones-reales.php"},"modified":"2008-09-07T20:01:13","modified_gmt":"2008-09-07T19:01:13","slug":"vacaciones-reales","status":"publish","type":"post","link":"https:\/\/diariodevurgos.com\/dvwps\/vacaciones-reales.php","title":{"rendered":"Vacaciones Reales"},"content":{"rendered":"<p class=\"lead\"><img loading=\"lazy\" id=\"image1828\" title=\"Juan Carlos\" style=\"width: 206px; height: 207px\" height=\"207\" alt=\"Juan Carlos\" src=\"http:\/\/diariodevurgos.com\/dvwps\/wp-content\/uploads\/2008\/09\/juan-carlos.jpg\" width=\"206\" align=\"right\" \/>Corr\u00ed\u00ada el a\u00f1o 1976, el monarca espa\u00f1ol Juan Carlos I de Borb\u00f3n visitaba Par\u00ed\u00ads en viaje oficial. Como medida de seguridad 12 anarquistas que hab\u00ed\u00adan formado parte de los <a title=\"GARI\" href=\"http:\/\/es.wikipedia.org\/wiki\/Grupos_de_Acci%C3%B3n_Revolucionaria_Internacionalista\">GARI<\/a> fueron deportados a una isla del atl\u00e1ntico durante el tiempo que el rey estuvo de viaje por Francia. Unos peculiares hechos que son narrados en el documental <em><a title=\"Vacances Royales\" href=\"http:\/\/www.ateneuenciclopedicpopular.org\/spip.php?article81\">Vacances Royales<\/a><\/em>. El pr\u00f3ximo <strong>21 de septiembre Juan Carlos I<\/strong> y su s\u00e9quito visitar\u00e1n Burgos para inaugurar una gigantesca bandera en la plaza Espa\u00f1a. \u00bfOcurrir\u00e1 algo parecido con los anarquistas burgaleses?<\/p>\n<p><!--more--><\/p>\n<p>Las medidas de seguridad tomadas por las autoridades francesas de aquel entonces pueden servir de precedente para los actuales desplazamientos del monarca. Deportar temporalmente a los elementos indeseables o potencialmente peligrosos de cada ciudad que visite el actual rey a una isla que, trat\u00e1ndose en este caso del Gobierno de Espa\u00f1a ser\u00e1 sin duda la <a title=\"perejil\" href=\"http:\/\/es.wikipedia.org\/wiki\/Isla_Perejil\">isla de Perejil<\/a>, en las proximidades de la costa de Marruecos. De esta manera la diplomacia espa\u00f1ola podr\u00ed\u00ada matar dos p\u00e1jaros de un tiro: proteger la seguridad de la Corona Real y utilizar a estos apestosos desagradecidos como carne de ca\u00f1\u00f3n ante un futuro conflicto con la dinast\u00ed\u00ada alaui.<\/p>\n<p>Algunos anarcos burgaleses han comenzado ya a hacer las maletas deseosos de embarcarse en esas vacaciones pagadas por el rey (bueno, el sueldo del rey y de toda la Casa Real, lo pagamos entre todos, \u00bfno?), cosa preferible seg\u00fan ellos a los habituales cacheos, seguimientos, visitas indeseadas y detenciones preventivas que se suceder\u00e1n esos durante esos d\u00ed\u00adas: &#8220;&#8230;<em>si me tienen que llevar a alg\u00fan lao prefiero que sea de vacaciones que los calabozos de comisar\u00ed\u00ada los tengo ya mu vistos&#8230;&#8221; <\/em>declaraba a este diario digital uno de los agraciados con las vacaciones reales.<\/p>\n<p align=\"center\"><img loading=\"lazy\" id=\"image1727\" title=\"Borb\u00f3n\" style=\"width: 281px; height: 333px\" height=\"333\" alt=\"Borb\u00f3n\" src=\"http:\/\/diariodevurgos.com\/dvwps\/wp-content\/uploads\/2008\/08\/borbon-peque.jpg\" width=\"281\" \/><\/p>\n<p>Algunos otros a los que la brisa marina no sienta tan bien han preferido tomar las de Villadiego y han decidido desaparecer (en Villadiego nos han dicho que no est\u00e1n). Ya no se les ve por las manis, ni frecuentan los lugares habituales. Ya no responden a nuestras llamadas, ni contestan a nuestros correos. Todo nos hace suponer que quiz\u00e1 fueron al <strong>El\u00e9ctrosonic<\/strong> y alg\u00fan mensaje subliminal filtrado por el <strong>Ayuntamiento de Burgos<\/strong> les impide volver, ahora contin\u00faan la fiesta en compa\u00f1\u00ed\u00ada del concejal que inaugur\u00f3 el festival y el <a title=\"Nacho Vidal Pinchando en el Electrosonic\" href=\"http:\/\/www.youtube.com\/watch?v=gnMQXUC1ago\">DJ Nacho Vidal<\/a>&#8230;o lo que es a\u00fan peor, se han pasao pero a la <a title=\"La Voz de Gamonal\" href=\"http:\/\/www.seriezeta.com\/lavozdegamonal\/\">competencia,<\/a> ahora trabajan para nuestros &#8220;compatriotas&#8221;\u009d de barrio tratando de implantar a base de paranoia la independencia de Gamonal.<\/p>\n<p>Pero tambi\u00e9n es cierto que hay algunos que, imperturbables, jam\u00e1s descansan dentro de sus oscuras madrigueras. Les anima un secreto prop\u00f3sito de alquimista: conseguir la f\u00f3rmula que, una vez invocada, les permita dar con la entrada a esas oscuras regiones que conducen al Limbo Negro donde una vez muertos van a parar los \u00e1cratas. Una vez all\u00ed\u00ad, sin saber muy bien c\u00f3mo, aspiran a encontrar a <a title=\"Mateo Morral\" href=\"http:\/\/es.wikipedia.org\/wiki\/Mateo_Morral\">Mateo Morral<\/a> y llevarlo de nuevo a la tierra para tan se\u00f1alada fecha.<\/p>\n<p>Esperan confiados que esta vez el joven anarquista de Sabadell tenga m\u00e1s punter\u00ed\u00ada, y <em>a ver si a la tercera va la vencida.<br \/>\n<\/em><\/p>\n","protected":false},"excerpt":{"rendered":"<p>Corr\u00ed\u00ada el a\u00f1o 1976, el monarca espa\u00f1ol Juan Carlos I de Borb\u00f3n visitaba Par\u00ed\u00ads en viaje oficial. Como medida de seguridad 12 anarquistas que hab\u00ed\u00adan formado parte de los GARI fueron deportados a una isla del atl\u00e1ntico durante el tiempo que el rey estuvo de viaje por Francia. Unos peculiares hechos que son narrados en&#8230;  <a href=\"https:\/\/diariodevurgos.com\/dvwps\/vacaciones-reales.php\" class=\"more-link\" title=\"Read Vacaciones Reales\">Read more &raquo;<\/a><\/p>\n","protected":false},"author":15,"featured_media":0,"comment_status":"open","ping_status":"closed","sticky":false,"template":"","format":"standard","meta":[],"categories":[2,14,9],"tags":[],"_links":{"self":[{"href":"https:\/\/diariodevurgos.com\/dvwps\/wp-json\/wp\/v2\/posts\/1827"}],"collection":[{"href":"https:\/\/diariodevurgos.com\/dvwps\/wp-json\/wp\/v2\/posts"}],"about":[{"href":"https:\/\/diariodevurgos.com\/dvwps\/wp-json\/wp\/v2\/types\/post"}],"author":[{"embeddable":true,"href":"https:\/\/diariodevurgos.com\/dvwps\/wp-json\/wp\/v2\/users\/15"}],"replies":[{"embeddable":true,"href":"https:\/\/diariodevurgos.com\/dvwps\/wp-json\/wp\/v2\/comments?post=1827"}],"version-history":[{"count":0,"href":"https:\/\/diariodevurgos.com\/dvwps\/wp-json\/wp\/v2\/posts\/1827\/revisions"}],"wp:attachment":[{"href":"https:\/\/diariodevurgos.com\/dvwps\/wp-json\/wp\/v2\/media?parent=1827"}],"wp:term":[{"taxonomy":"category","embeddable":true,"href":"https:\/\/diariodevurgos.com\/dvwps\/wp-json\/wp\/v2\/categories?post=1827"},{"taxonomy":"post_tag","embeddable":true,"href":"https:\/\/diariodevurgos.com\/dvwps\/wp-json\/wp\/v2\/tags?post=1827"}],"curies":[{"name":"wp","href":"https:\/\/api.w.org\/{rel}","templated":true}]}}