{"id":1830,"date":"2008-09-08T11:34:25","date_gmt":"2008-09-08T10:34:25","guid":{"rendered":"http:\/\/diariodevurgos.com\/dvwps\/fascistas-en-burgos.php"},"modified":"2008-09-08T13:22:57","modified_gmt":"2008-09-08T12:22:57","slug":"fascistas-en-burgos","status":"publish","type":"post","link":"https:\/\/diariodevurgos.com\/dvwps\/fascistas-en-burgos.php","title":{"rendered":"Fascistas en Burgos"},"content":{"rendered":"<p class=\"lead\"><a class=\"imagelink\" title=\"ef.jpg\" href=\"http:\/\/diariodevurgos.com\/dvwps\/wp-content\/uploads\/2008\/09\/ef.jpg\"><img loading=\"lazy\" id=\"image1829\" style=\"width: 160px; height: 118px\" height=\"118\" alt=\"ef.jpg\" src=\"http:\/\/diariodevurgos.com\/dvwps\/wp-content\/uploads\/2008\/09\/ef.jpg\" width=\"160\" align=\"right\" \/><\/a>El fin de semana que viene un partido fascista vendr\u00e1 a manifestarse a la ciudad, cuando se cumplen diez meses del asesinato de un <a href=\"http:\/\/www.lahaine.org\/index.php?disp=carlos\" target=\"_blank\">joven antirracista<\/a> por un soldado nazi que acud\u00ed\u00ada a una manifestaci\u00f3n de este partido en Madrid. Al fin de semana siguiente la corona y los militares tomaran el centro de la ciudad para colocar una <a href=\"http:\/\/diariodevurgos.com\/dvwps\/fantoches-para-el-21-de-septiembre.php\" target=\"_blank\">bandera gigante<\/a> en un acto de exaltaci\u00f3n del fanatismo nacionalista espa\u00f1ol, rancio y caducado.<\/p>\n<p><!--more-->El 11 de este mes hacen diez meses del asesinato de Carlos Javier Palomino por un soldado neonazi que acud\u00ed\u00ada a una manifestaci\u00f3n xen\u00f3foba organizada por un partido fascista. El pr\u00f3ximo S\u00e1bado d\u00ed\u00ada 13, tan solo dos d\u00ed\u00adas despu\u00e9s, este partido vendr\u00e1 a Burgos a manifestarse. Queremos recordar que esta panda de asesinos no vendr\u00e1n solos desde otras ciudades, con ellos siempre viajan los cuerpos de antidisturbios armados hasta los dientes dispuestos a dar le\u00f1a a todo el que se mueva. El a\u00f1o pasado en el mismo acto los pistoleros del estado tomaron las calles impidiendo que nadie se acercara a mostrar su rechazo a los nazis. Al d\u00ed\u00ada siguiente al amanecer <a href=\"http:\/\/diariodevurgos.com\/dvwps\/hoja-informativa.php\" target=\"_blank\">desalojaron<\/a> el espacio social ocupado La Zarza cuando cumpl\u00ed\u00ada cuatro meses reventando la puerta y dando porrazos y pelotazos a diestro y siniestro.\u00a0\u00a0<\/p>\n<p>Los antidisturbios venidos de fuera no son los \u00fanicos que aprovechan para desahogar sus iras, los policias de la ciudad comienzan d\u00ed\u00adas antes acosando a la gente con seguimientos y detenciones preventivas.<\/p>\n<p>Las instituciones y el poder en general utiliza a estos grupos cuando les conviene,\u00a0 d\u00e1ndoles manga ancha para poder agredir a la gente disidente y locales pol\u00ed\u00adticos, gozando despu\u00e9s de impunidad jur\u00ed\u00addico policial y as\u00ed\u00ad realizando de este modo el trabajo sucio a los ricos. La experiencia en Burgos\u00a0suele ser\u00a0que una vez finalizados sus actos, antes de volverse para Madrid y sus respectivas localidades,\u00a0 peque\u00f1os grupos se pasean por la ciudad en busca de adolescentes que no entren dentro de su est\u00e9tica, como llevar el pelo largo, un palestino o alguna insignia pol\u00ed\u00adtica, para agredirle. El a\u00f1o pasado despu\u00e9s de los actos que tuvieron un grupo de ellos bajo al centro y revent\u00f3 a un joven que paseaba.<br \/>\nAlgunos integrantes de estos grupos trabajan en las diferentes fuerzas represivas del estado teniendo impunidad para actuar a sus anchas.<\/p>\n<p>La clave del asunto no es pedir mas medidas represivas contra los grupos nazis, como pedir la ilegalizaci\u00f3n de sus partidos y asociaciones, no concederles permiso para hacer sus actos o que haya mas mercenarios polic\u00ed\u00ada control\u00e1ndoles. Un endurecimiento de la ley perjudicara directamente sobre toda la sociedad y concretamente sobre todos los grupos que en sus mas diversas formas plantan cara al poder.<\/p>\n<p>La clave es enmarcar la lucha contra los grupos nazis dentro de la lucha contra este sistema, con sus leyes, su trabajo, sus fronteras, sus&#8230;, articular un <a href=\"http:\/\/www.klinamen.org\/article4461.html\" target=\"_blank\">discurso<\/a> anticapitalista y antifascista que vaya a la ra\u00ed\u00adz de los problemas, siendo conscientes que la lucha es contra la explotaci\u00f3n del humano por el humano y con el resto de seres y entorno del planeta, es decir contra los que est\u00e1n arriba. A d\u00ed\u00ada de hoy estos grupos nazis no son los ricos que nos gobiernan, sino la guardia paramilitar que defiende los ideales anclados en las relaciones jer\u00e1rquicas y de poder, y que en \u00e9pocas de conflictividad social, revuelta y rebeli\u00f3n alternaban al sistema democr\u00e1tico por el dictatorial, con endurecimiento de las leyes y restricci\u00f3n absoluta de la libertad. A d\u00ed\u00ada de hoy la democracia no necesita dar un golpe militar para reprimir las revueltas, son el consumo y otros medios los que integran a los de abajo en el sistema.<\/p>\n<p>El peligro de estos partidos es,\u00a0que en medio de la deseperacion y las crisis, intentan\u00a0confundir\u00a0y dividir a los que estamos abajo haciendo creer que la culpa de\u00a0todos los males es de los inmigrantes. La culpa de que los trabajadores esten ahogados con la hipoteca y los precios\u00a0es de quien nos explota y desangra:los ricos. En este aspecto hay que saberles pararles los pies contrainformando sus mentiras.\u00a0<\/p>\n<p>En dos fines de semana nos subyuga la maldita bandera gigante. La idea de un reservista voluntario del ejercito, apoyada y aprobada para el Domingo 21 de septiembre por el Hay-untamiento de Burgos, es colocar un m\u00e1stil de 18 metros de altura con una bandera de espa\u00f1a de seis por tres metros junto al monumento a las fuerzas armadas en la Plaza de los delfines. La corona esta invitada junto a los cientos de polic\u00ed\u00adas armados que la protegen y se dedicaran a cachear, hacer controles, pedir identificaciones y reprimir duramente a todos los que muestren su rechazo a semejante memez durante varios d\u00ed\u00adas antes.<\/p>\n<p>En un principio este acto iba a ser el S\u00e1bado 14 de septiembre y finalmente fue cambiado al domingo 21, seg\u00fan la prensa burguesa para cuadrar las agendas de los diferentes chupatintas invitados. Pero los mal pensados nos dimos cuenta de un detalle: el d\u00ed\u00ada 13 se manifestaban los nazis en Burgos y el 14 venia la corona a inagurar la bandera gigante, pensamos que tanto nazi junto pod\u00ed\u00ada ser una bomba de relojer\u00ed\u00ada. No sabemos la verdad de este asunto, pero lo que si que es cierto que coincidiera todo el mismo fin de semana no iba a ser permitido por las autoridades que nos sangran.<\/p>\n<p>Por todo lo explicado Burgos estar\u00e1 un par de semanas tomada por los pistoleros del estado, como en la cumbre de ministros de la uni\u00f3n europea del a\u00f1o 2002, cuando\u00a0 sellaron las alcantarillas de la ciudad y mostraron unos d\u00ed\u00adas antes unas tanquetas en la comisar\u00ed\u00ada bunker de la avenida castilla y le\u00f3n en plan amenazante. Esperemos que sean muchos los que se indignen y decidan organizarse para dar un respuesta. A todos ellos andar con mil ojos, pensar bien lo que se hace y que sep\u00e1is golpear donde mas duele&#8230;<br \/>\n&#8230;nos vemos en las calles&#8230;<\/p>\n","protected":false},"excerpt":{"rendered":"<p>El fin de semana que viene un partido fascista vendr\u00e1 a manifestarse a la ciudad, cuando se cumplen diez meses del asesinato de un joven antirracista por un soldado nazi que acud\u00ed\u00ada a una manifestaci\u00f3n de este partido en Madrid. Al fin de semana siguiente la corona y los militares tomaran el centro de la&#8230;  <a href=\"https:\/\/diariodevurgos.com\/dvwps\/fascistas-en-burgos.php\" class=\"more-link\" title=\"Read Fascistas en Burgos\">Read more &raquo;<\/a><\/p>\n","protected":false},"author":12,"featured_media":0,"comment_status":"open","ping_status":"closed","sticky":false,"template":"","format":"standard","meta":[],"categories":[31,2],"tags":[],"_links":{"self":[{"href":"https:\/\/diariodevurgos.com\/dvwps\/wp-json\/wp\/v2\/posts\/1830"}],"collection":[{"href":"https:\/\/diariodevurgos.com\/dvwps\/wp-json\/wp\/v2\/posts"}],"about":[{"href":"https:\/\/diariodevurgos.com\/dvwps\/wp-json\/wp\/v2\/types\/post"}],"author":[{"embeddable":true,"href":"https:\/\/diariodevurgos.com\/dvwps\/wp-json\/wp\/v2\/users\/12"}],"replies":[{"embeddable":true,"href":"https:\/\/diariodevurgos.com\/dvwps\/wp-json\/wp\/v2\/comments?post=1830"}],"version-history":[{"count":0,"href":"https:\/\/diariodevurgos.com\/dvwps\/wp-json\/wp\/v2\/posts\/1830\/revisions"}],"wp:attachment":[{"href":"https:\/\/diariodevurgos.com\/dvwps\/wp-json\/wp\/v2\/media?parent=1830"}],"wp:term":[{"taxonomy":"category","embeddable":true,"href":"https:\/\/diariodevurgos.com\/dvwps\/wp-json\/wp\/v2\/categories?post=1830"},{"taxonomy":"post_tag","embeddable":true,"href":"https:\/\/diariodevurgos.com\/dvwps\/wp-json\/wp\/v2\/tags?post=1830"}],"curies":[{"name":"wp","href":"https:\/\/api.w.org\/{rel}","templated":true}]}}