{"id":1832,"date":"2008-09-09T16:31:47","date_gmt":"2008-09-09T15:31:47","guid":{"rendered":"http:\/\/diariodevurgos.com\/dvwps\/jornada-contra-la-represionpalencia.php"},"modified":"2008-09-09T16:31:47","modified_gmt":"2008-09-09T15:31:47","slug":"jornada-contra-la-represionpalencia","status":"publish","type":"post","link":"https:\/\/diariodevurgos.com\/dvwps\/jornada-contra-la-represionpalencia.php","title":{"rendered":"Jornada contra la represi\u00f3n(Palencia)."},"content":{"rendered":"<p class=\"lead\"><span style=\"font-weight: bold\"><a title=\"stop_represion.png\" class=\"imagelink\" href=\"http:\/\/diariodevurgos.com\/dvwps\/wp-content\/uploads\/2008\/09\/stop_represion.png\"><img align=\"right\" alt=\"stop_represion.png\" id=\"image1831\" style=\"width: 72px; height: 72px\" src=\"http:\/\/diariodevurgos.com\/dvwps\/wp-content\/uploads\/2008\/09\/stop_represion.png\" \/><\/a>An\u00f3nimo nos comenta: <\/span>Jornada contra la represi\u00f3n, donde a lo largo del d\u00ed\u00ada habra charlas con ponentes de varios casos de distintas ciudades, comida, proyecci\u00f3n de pel\u00ed\u00adcula, actuaci\u00f3n de magia y para finalizar un concierto de Rap.<\/p>\n<p><!--more--> 12:30 Charla\u2013Debate &#8220;La represi\u00f3n diaria, ejemplos cotidianos y actuales&#8221;\u009d.<br \/>\nPonentes:<\/p>\n<ul>\n<li>Centro de Menores Zambrana(Valladolid).<\/li>\n<\/ul>\n<ul>\n<li>Represaliados Thesalonika(Burgos).<\/li>\n<\/ul>\n<ul>\n<li>Anti-LOU (Madrid).<\/li>\n<\/ul>\n<ul>\n<li>Parking Gamonal (Burgos).<\/li>\n<\/ul>\n<ul>\n<li>1\u00ba de Mayo 2006 (Palencia).<\/li>\n<\/ul>\n<p>15:00 Comida.<br \/>\n16:30 Proyecci\u00f3n pel\u00ed\u00adcula&#8221;El Muro&#8221;\u009d.<br \/>\n18:30 Actuaci\u00f3n de magia.<br \/>\n19:30 Concierto Rap &#8220;Hijos del Odio&#8221;\u009d.<br \/>\nS\u00e1bado 13 de septiembre en el local de cnt C\/Don Pelayo.<\/p>\n","protected":false},"excerpt":{"rendered":"<p>An\u00f3nimo nos comenta: Jornada contra la represi\u00f3n, donde a lo largo del d\u00ed\u00ada habra charlas con ponentes de varios casos de distintas ciudades, comida, proyecci\u00f3n de pel\u00ed\u00adcula, actuaci\u00f3n de magia y para finalizar un concierto de Rap.<\/p>\n","protected":false},"author":23,"featured_media":0,"comment_status":"open","ping_status":"closed","sticky":false,"template":"","format":"standard","meta":[],"categories":[14,17],"tags":[],"_links":{"self":[{"href":"https:\/\/diariodevurgos.com\/dvwps\/wp-json\/wp\/v2\/posts\/1832"}],"collection":[{"href":"https:\/\/diariodevurgos.com\/dvwps\/wp-json\/wp\/v2\/posts"}],"about":[{"href":"https:\/\/diariodevurgos.com\/dvwps\/wp-json\/wp\/v2\/types\/post"}],"author":[{"embeddable":true,"href":"https:\/\/diariodevurgos.com\/dvwps\/wp-json\/wp\/v2\/users\/23"}],"replies":[{"embeddable":true,"href":"https:\/\/diariodevurgos.com\/dvwps\/wp-json\/wp\/v2\/comments?post=1832"}],"version-history":[{"count":0,"href":"https:\/\/diariodevurgos.com\/dvwps\/wp-json\/wp\/v2\/posts\/1832\/revisions"}],"wp:attachment":[{"href":"https:\/\/diariodevurgos.com\/dvwps\/wp-json\/wp\/v2\/media?parent=1832"}],"wp:term":[{"taxonomy":"category","embeddable":true,"href":"https:\/\/diariodevurgos.com\/dvwps\/wp-json\/wp\/v2\/categories?post=1832"},{"taxonomy":"post_tag","embeddable":true,"href":"https:\/\/diariodevurgos.com\/dvwps\/wp-json\/wp\/v2\/tags?post=1832"}],"curies":[{"name":"wp","href":"https:\/\/api.w.org\/{rel}","templated":true}]}}