{"id":1837,"date":"2008-09-10T16:58:46","date_gmt":"2008-09-10T15:58:46","guid":{"rendered":"http:\/\/diariodevurgos.com\/dvwps\/memoria-anticapitalista.php"},"modified":"2008-09-10T17:05:36","modified_gmt":"2008-09-10T16:05:36","slug":"memoria-anticapitalista","status":"publish","type":"post","link":"https:\/\/diariodevurgos.com\/dvwps\/memoria-anticapitalista.php","title":{"rendered":"Memoria anticapitalista"},"content":{"rendered":"<p class=\"lead\"><img id=\"image1836\" title=\"Libreria Klinamen\" alt=\"Libreria Klinamen\" src=\"http:\/\/diariodevurgos.com\/dvwps\/wp-content\/uploads\/2008\/09\/logo_libreria.jpg\" align=\"right\" \/>Desde la web de la <a title=\"Editorial Klinamen\" href=\"http:\/\/www.klinamen.org\/article4985.html\">Editorial Klinamen<\/a> nos hacemos eco de una nueva iniciativa editorial impulsada por varios grupos aut\u00f3nomos y libertarios del panorama peninsular. Frente a la mistificaci\u00f3n o deformaci\u00f3n interesada <strong>Por la Memoria Anticapitalista<\/strong> recoge una serie de textos que abordan\u00a0 desde una perspectiva anal\u00ed\u00adtica diversos episodios de las luchas aut\u00f3nomas, algunos de ellos redactados por los propios protagonistas de estas experiencias subversivas.<!--more--><\/p>\n<p>El origen de este libro es la reacci\u00f3n de algunas personas y grupos de Valencia contra la pel\u00ed\u00adcula <em>&#8220;Salvador&#8221;\u009d,<\/em> una provocaci\u00f3n tanto m\u00e1s efectiva porque ven\u00ed\u00ada a incidir en uno de los puntos m\u00e1s d\u00e9biles tanto de los individuos atomizados en general como, en particular, de los que se consideran anarquistas: la falta de memoria hist\u00f3rica, de una verdadera conciencia pr\u00e1ctica colectiva. Resulta que el Capital ven\u00ed\u00ada a contarnos, con el lenguaje de los telefilmes, nuestra propia historia. Un insulto que pon\u00ed\u00ada de manifiesto que, a esas alturas, mucha gente que se dice libertaria y aut\u00f3noma no sab\u00ed\u00ada gran cosa de las corrientes hist\u00f3ricas de las que se pretende continuadora.<\/p>\n<p align=\"center\"><img loading=\"lazy\" id=\"image1835\" title=\"Memoria anticapitalista\" height=\"707\" alt=\"Memoria anticapitalista\" src=\"http:\/\/diariodevurgos.com\/dvwps\/wp-content\/uploads\/2008\/09\/cubierta_final_valencia.jpg\" width=\"423\" \/><\/p>\n<p>Intentamos volver la provocaci\u00f3n contra los provocadores, aceptando el desaf\u00ed\u00ado y rechazando la falsificaci\u00f3n al ejercer nuestras facultades de memoria, reflexi\u00f3n, cr\u00ed\u00adtica y di\u00e1logo sobre esa parte de nuestro pasado que tanto inter\u00e9s muestra la dominaci\u00f3n en silenciar o falsificar.<\/p>\n<p>Solidariz\u00e1ndonos con ellos, quisimos tomar como referencia la trayectoria de gente que, como los presos de <strong>Action Directe<\/strong>, todav\u00ed\u00ada est\u00e1 sufriendo las represalias por aquellas luchas. El territorio hist\u00f3rico que atraviesa ese hilo rojo es el de las luchas por la autonom\u00ed\u00ada proletaria de los a\u00f1os setenta, cuya derrota y los medios puestos para lograrla influyeron tanto en la constituci\u00f3n de la situaci\u00f3n actual de anonadamiento de las perspectivas revolucionarias.<\/p>\n","protected":false},"excerpt":{"rendered":"<p>Desde la web de la Editorial Klinamen nos hacemos eco de una nueva iniciativa editorial impulsada por varios grupos aut\u00f3nomos y libertarios del panorama peninsular. Frente a la mistificaci\u00f3n o deformaci\u00f3n interesada Por la Memoria Anticapitalista recoge una serie de textos que abordan\u00a0 desde una perspectiva anal\u00ed\u00adtica diversos episodios de las luchas aut\u00f3nomas, algunos de&#8230;  <a href=\"https:\/\/diariodevurgos.com\/dvwps\/memoria-anticapitalista.php\" class=\"more-link\" title=\"Read Memoria anticapitalista\">Read more &raquo;<\/a><\/p>\n","protected":false},"author":15,"featured_media":0,"comment_status":"open","ping_status":"closed","sticky":false,"template":"","format":"standard","meta":[],"categories":[6,8],"tags":[],"_links":{"self":[{"href":"https:\/\/diariodevurgos.com\/dvwps\/wp-json\/wp\/v2\/posts\/1837"}],"collection":[{"href":"https:\/\/diariodevurgos.com\/dvwps\/wp-json\/wp\/v2\/posts"}],"about":[{"href":"https:\/\/diariodevurgos.com\/dvwps\/wp-json\/wp\/v2\/types\/post"}],"author":[{"embeddable":true,"href":"https:\/\/diariodevurgos.com\/dvwps\/wp-json\/wp\/v2\/users\/15"}],"replies":[{"embeddable":true,"href":"https:\/\/diariodevurgos.com\/dvwps\/wp-json\/wp\/v2\/comments?post=1837"}],"version-history":[{"count":0,"href":"https:\/\/diariodevurgos.com\/dvwps\/wp-json\/wp\/v2\/posts\/1837\/revisions"}],"wp:attachment":[{"href":"https:\/\/diariodevurgos.com\/dvwps\/wp-json\/wp\/v2\/media?parent=1837"}],"wp:term":[{"taxonomy":"category","embeddable":true,"href":"https:\/\/diariodevurgos.com\/dvwps\/wp-json\/wp\/v2\/categories?post=1837"},{"taxonomy":"post_tag","embeddable":true,"href":"https:\/\/diariodevurgos.com\/dvwps\/wp-json\/wp\/v2\/tags?post=1837"}],"curies":[{"name":"wp","href":"https:\/\/api.w.org\/{rel}","templated":true}]}}