{"id":18418,"date":"2017-06-19T21:04:48","date_gmt":"2017-06-19T20:04:48","guid":{"rendered":"http:\/\/diariodevurgos.com\/dvwps\/?p=18418"},"modified":"2017-06-19T21:04:48","modified_gmt":"2017-06-19T20:04:48","slug":"el-juez-condena-a-5-de-los-12-encausados-del-juicio-de-gamonal","status":"publish","type":"post","link":"https:\/\/diariodevurgos.com\/dvwps\/el-juez-condena-a-5-de-los-12-encausados-del-juicio-de-gamonal.php","title":{"rendered":"El juez condena a 5 de los 12 encausados del juicio de Gamonal"},"content":{"rendered":"<p class=\"lead\">Pese a que 5 de ellos han sido condenados las penas son m\u00ed\u00adnimas, 6 meses de prisi\u00f3n que presumiblemente no cumplir\u00e1n por ausencia de antecedentes.<\/p>\n<img loading=\"lazy\" width=\"620\" height=\"349\" class=\"size-full wp-image-17850 aligncenter\" src=\"http:\/\/diariodevurgos.com\/dvwps\/wp-content\/uploads\/2017\/03\/Juicio-Gamonal-2.jpg\" alt=\"\" srcset=\"https:\/\/diariodevurgos.com\/dvwps\/wp-content\/uploads\/2017\/03\/Juicio-Gamonal-2.jpg 620w, https:\/\/diariodevurgos.com\/dvwps\/wp-content\/uploads\/2017\/03\/Juicio-Gamonal-2-300x169.jpg 300w, https:\/\/diariodevurgos.com\/dvwps\/wp-content\/uploads\/2017\/03\/Juicio-Gamonal-2-370x208.jpg 370w\" sizes=\"(max-width: 620px) 100vw, 620px\" \/>\n<p>La sentencia dictada po<strong>r <\/strong>el Juzgado de lo Penal n\u00famero 3 de Burgos no es definitiva y puede ser apelada ante la Audiencia Provincial. La <strong>Asamblea de Gamonal<\/strong> convoca este <a href=\"https:\/\/gamonalniunpasoatras.wordpress.com\/2017\/06\/19\/ya-hay-sentencia-del-juiciogamonal-concentracion-este-viernes-23-de-junio\/\">viernes 23 de Junio a las 20.00 horas una concentraci\u00f3n en protesta en la Zona Cero<\/a>, esquina de Calle Vitoria con Calle Santa B\u00e1rbara .<\/p>\n<p><!--more--><\/p>\n<p>Pese a <a href=\"http:\/\/diariodevurgos.com\/dvwps\/el-testimonio-policial-en-el-juicio-de-gamonal-pone-en-evidencia-las-incongruencias-de-las-acusaciones.php\">las incongruencias mostradas en el juicio por los agentes<\/a>, que narramos aqu\u00ed\u00ad en varios de los art\u00ed\u00adculos de seguimiento del juicio (<a href=\"http:\/\/diariodevurgos.com\/dvwps\/cronica-del-juicio-contra-lxs-vecinxs-de-gamonal-primer-dia.php\">d\u00ed\u00ada 1<\/a>, <a href=\"http:\/\/diariodevurgos.com\/dvwps\/segundo-dia-de-los-juicios-a-las-personas-encausadas-de-gamonal.php\">d\u00ed\u00ada 2<\/a>, <a href=\"http:\/\/diariodevurgos.com\/dvwps\/tercera-sesion-del-juicio-del-bulevar.php\">d\u00ed\u00ada 3<\/a>, <a href=\"http:\/\/diariodevurgos.com\/dvwps\/cuarto-dia-del-juicio-del-bulevar.php\">d\u00ed\u00ada 4<\/a>, <a href=\"http:\/\/diariodevurgos.com\/dvwps\/cronica-del-5o-dia-de-los-juicios-sobre-el-bulevar.php\">d\u00ed\u00ada 5<\/a> y <a href=\"http:\/\/diariodevurgos.com\/dvwps\/finaliza-el-primero-de-los-juicios-a-los-vecinos-de-gamonal.php\">d\u00ed\u00ada 6<\/a>), el juez da por hecho la veracidad del testimonio de los agentes, siendo esta raz\u00f3n la que principalmente condena a 5 de los 12 encausados. As\u00ed\u00ad mismo acompa\u00f1a este razonamiento indicando que los testigos presentados por la acusaci\u00f3n no eran &#8220;imparciales&#8221;\u009d. Estos 5 condenados son acusados de atentado a agente de la autoridad pero a todos les absuelve del delito de des\u00f3rdenes p\u00fablicos adem\u00e1s la sentencia recoge que ninguno de los agentes sufri\u00f3 lesiones. Tampoco son condenados a pagar ning\u00fan tipo de indemnizaci\u00f3n ya que s\u00f3lo deben responder a los da\u00f1os ocasionados de manera directa y no se ha podido demostrar su autor\u00ed\u00ada. En referencia a los 7 encausados restantes el juez considera que no ha sido probada su autor\u00ed\u00ada. La sentencia no es definitiva y puede ser apelada ante Audiencia Provincial, as\u00ed\u00ad que no es una sentencia firme.<\/p>\n<p>Es sorprendente que un juez otorgue &#8220;imparcialidad&#8221;\u009d a los agentes frente a los vecinos del barrio. Recordemos que a los agentes les pagan las mismas personas contra las que se dirig\u00ed\u00adan las protestas, unas personas que no se plantearan nunca si esas protestas son leg\u00ed\u00adtimas o sus ordenes moralmente reprochables.<\/p>\n<p>Cabe recordar que para los acusados se ped\u00ed\u00adan penas de dos a\u00f1os y medio de c\u00e1rcel y 24.000\u00e2\u201a\u00ac de indemnizaci\u00f3n a cada uno y que estos juicios recogen los hechos de la noche del d\u00ed\u00ada 10 de Enero del 2014. En un balance fr\u00ed\u00ado y cuantitativo este juicio puede suponer una peque\u00f1a esperanza para los siguientes juicios de los disturbios de Gamonal y para todos los movimientos sociales que han estado apoyando con acciones y econ\u00f3micamente a los encausados.<\/p>\n<p>Tanto los condenados como los absueltos han pasado momentos duros, con detenciones, encarcelamientos, agresiones, tortuosas esperas de banquillo y condenas dictadas desde el cuarto poder. No hay sentencia absolutoria que compense lo sufrido.<\/p>\n","protected":false},"excerpt":{"rendered":"<p>Pese a que 5 de ellos han sido condenados las penas son m\u00ed\u00adnimas, 6 meses de prisi\u00f3n que presumiblemente no cumplir\u00e1n por ausencia de antecedentes. La sentencia dictada por el Juzgado de lo Penal n\u00famero 3 de Burgos no es definitiva y puede ser apelada ante la Audiencia Provincial. La Asamblea de Gamonal convoca este&#8230;  <a href=\"https:\/\/diariodevurgos.com\/dvwps\/el-juez-condena-a-5-de-los-12-encausados-del-juicio-de-gamonal.php\" class=\"more-link\" title=\"Read El juez condena a 5 de los 12 encausados del juicio de Gamonal\">Read more &raquo;<\/a><\/p>\n","protected":false},"author":1,"featured_media":0,"comment_status":"open","ping_status":"closed","sticky":false,"template":"","format":"standard","meta":[],"categories":[74,2,27,17],"tags":[],"_links":{"self":[{"href":"https:\/\/diariodevurgos.com\/dvwps\/wp-json\/wp\/v2\/posts\/18418"}],"collection":[{"href":"https:\/\/diariodevurgos.com\/dvwps\/wp-json\/wp\/v2\/posts"}],"about":[{"href":"https:\/\/diariodevurgos.com\/dvwps\/wp-json\/wp\/v2\/types\/post"}],"author":[{"embeddable":true,"href":"https:\/\/diariodevurgos.com\/dvwps\/wp-json\/wp\/v2\/users\/1"}],"replies":[{"embeddable":true,"href":"https:\/\/diariodevurgos.com\/dvwps\/wp-json\/wp\/v2\/comments?post=18418"}],"version-history":[{"count":5,"href":"https:\/\/diariodevurgos.com\/dvwps\/wp-json\/wp\/v2\/posts\/18418\/revisions"}],"predecessor-version":[{"id":18427,"href":"https:\/\/diariodevurgos.com\/dvwps\/wp-json\/wp\/v2\/posts\/18418\/revisions\/18427"}],"wp:attachment":[{"href":"https:\/\/diariodevurgos.com\/dvwps\/wp-json\/wp\/v2\/media?parent=18418"}],"wp:term":[{"taxonomy":"category","embeddable":true,"href":"https:\/\/diariodevurgos.com\/dvwps\/wp-json\/wp\/v2\/categories?post=18418"},{"taxonomy":"post_tag","embeddable":true,"href":"https:\/\/diariodevurgos.com\/dvwps\/wp-json\/wp\/v2\/tags?post=18418"}],"curies":[{"name":"wp","href":"https:\/\/api.w.org\/{rel}","templated":true}]}}