{"id":18432,"date":"2017-06-21T00:56:35","date_gmt":"2017-06-20T23:56:35","guid":{"rendered":"http:\/\/diariodevurgos.com\/dvwps\/?p=18432"},"modified":"2017-06-21T00:56:35","modified_gmt":"2017-06-20T23:56:35","slug":"continua-la-represion-policial-en-galicia","status":"publish","type":"post","link":"https:\/\/diariodevurgos.com\/dvwps\/continua-la-represion-policial-en-galicia.php","title":{"rendered":"Contin\u00faa la represi\u00f3n policial en Galicia"},"content":{"rendered":"<p class=\"lead\">Ayer por la ma\u00f1ana, detuvieron a diez personas en diferentes ciudades gallegas por haber participado en las movilizaciones de apoyo al CSOA Escarnio e Maldizer, de Santiago de Compostela.<!--more--><\/p>\n<p>Ourense, A Coru\u00f1a y Santiago, amanecieron ayer con una nueva ola de represi\u00f3n al detener\u00a0 a distintas personas\u00a0 que\u00a0 han mostrado su apoyo al centro social Escarnio Maldizer.Los detenidos, que ya est\u00e1n puestos en libertad, se enfrentan a delitos de \u00a0atentado contra la autoridad, dos de ellos,\u00a0 y los siete restantes a des\u00f3rdenes p\u00fablicos, por los hechos sucedidos el pasado 30 de mayo, cuando se produjo el desalojo del Escarnio.<\/p>\n<p>Asistimos una vez m\u00e1s, a un nuevo intento de criminalizaci\u00f3n de los movimientos sociales y de las respuestas solidarias que se produjeron con el desalojo del citado centro social. No les vale que la ciudad de Santiago estuviera totalmente sitiada por los cuerpos nacionales de polic\u00ed\u00ada, tanto el d\u00ed\u00ada del desalojo como el pasado 10 de junio en la gran manifestaci\u00f3n que se organiz\u00f3. No es suficiente con el grado sumo de violencia que emplearon para disolver a casi un millar de personas que mostraron su solidaridad con los centros sociales. Como muestra de la brutalidad empleada como herramienta eficaz para acabar con toda protesta social\u00a0 se puede visualizar el <a href=\"https:\/\/www.youtube.com\/watch?v=NL5IPCaUY78\">video de Galiza Contrainfo.<\/a><\/p>\n<p>Buscan a toda costa, infundir miedo para romper los lazos de apoyo que se crean frente a su desp\u00f3tica actuaci\u00f3n. Con sus artima\u00f1as represivas pretenden silenciarnos y que nos quedemos inm\u00f3viles ante los abusos del poder; que la rabia que sentimos nos ahogue por dentro en vez de expresarla en las calles, en los muros, en las asambleas.<\/p>\n<p>Pero no lo van a conseguir. Cada vez se van multiplicando m\u00e1s las muestras de solidaridad y por ello, ayer en siete ciudades gallegas se organizaron concentraciones en apoyo a lxs detenidxs. En Burgos, se ha convocado tambi\u00e9n una concentraci\u00f3n este jueves a las 20h. en el Cid para demostrar que no est\u00e1n solos frente a la represi\u00f3n del Estado.<\/p>\n","protected":false},"excerpt":{"rendered":"<p>Ayer por la ma\u00f1ana, detuvieron a diez personas en diferentes ciudades gallegas por haber participado en las movilizaciones de apoyo al CSOA Escarnio e Maldizer, de Santiago de Compostela.<\/p>\n","protected":false},"author":69,"featured_media":18435,"comment_status":"open","ping_status":"closed","sticky":false,"template":"","format":"standard","meta":[],"categories":[49,17],"tags":[],"_links":{"self":[{"href":"https:\/\/diariodevurgos.com\/dvwps\/wp-json\/wp\/v2\/posts\/18432"}],"collection":[{"href":"https:\/\/diariodevurgos.com\/dvwps\/wp-json\/wp\/v2\/posts"}],"about":[{"href":"https:\/\/diariodevurgos.com\/dvwps\/wp-json\/wp\/v2\/types\/post"}],"author":[{"embeddable":true,"href":"https:\/\/diariodevurgos.com\/dvwps\/wp-json\/wp\/v2\/users\/69"}],"replies":[{"embeddable":true,"href":"https:\/\/diariodevurgos.com\/dvwps\/wp-json\/wp\/v2\/comments?post=18432"}],"version-history":[{"count":1,"href":"https:\/\/diariodevurgos.com\/dvwps\/wp-json\/wp\/v2\/posts\/18432\/revisions"}],"predecessor-version":[{"id":18436,"href":"https:\/\/diariodevurgos.com\/dvwps\/wp-json\/wp\/v2\/posts\/18432\/revisions\/18436"}],"wp:featuredmedia":[{"embeddable":true,"href":"https:\/\/diariodevurgos.com\/dvwps\/wp-json\/wp\/v2\/media\/18435"}],"wp:attachment":[{"href":"https:\/\/diariodevurgos.com\/dvwps\/wp-json\/wp\/v2\/media?parent=18432"}],"wp:term":[{"taxonomy":"category","embeddable":true,"href":"https:\/\/diariodevurgos.com\/dvwps\/wp-json\/wp\/v2\/categories?post=18432"},{"taxonomy":"post_tag","embeddable":true,"href":"https:\/\/diariodevurgos.com\/dvwps\/wp-json\/wp\/v2\/tags?post=18432"}],"curies":[{"name":"wp","href":"https:\/\/api.w.org\/{rel}","templated":true}]}}