{"id":18459,"date":"2017-06-23T12:40:51","date_gmt":"2017-06-23T11:40:51","guid":{"rendered":"http:\/\/diariodevurgos.com\/dvwps\/?p=18459"},"modified":"2017-06-23T12:40:51","modified_gmt":"2017-06-23T11:40:51","slug":"por-una-hosteleria-digna","status":"publish","type":"post","link":"https:\/\/diariodevurgos.com\/dvwps\/por-una-hosteleria-digna.php","title":{"rendered":"Por una hosteler\u00ed\u00ada digna"},"content":{"rendered":"<p class=\"lead\"><strong>CONCENTRACI\u00ed\u201cN A LAS PUERTAS &#8220;PECADITOS&#8221; (C\/ San Pablo 1, Burgos)<\/strong><\/p>\n<p><strong>VIERNES 23 DE JUNIO, 18:00 h<\/strong><\/p>\n<p><!--more--><br \/>\nAnte el despido de nuestra compa\u00f1era Beatriz del establecimiento hostelero PECADITOS, te convocamos a la concentraci\u00f3n de protesta, que tendr\u00e1 lugar este viernes, a partir de las 18:00 h.<\/p>\n<p>Pecaditos es una empresa hostelera de Burgos, que con el tiempo ha ido abriendo diferentes locales en la ciudad, as\u00ed\u00ad como en otras localidades.<\/p>\n<p>No es necesario que pase mucho tiempo antes de que quien tenga que trabajar all\u00ed\u00ad se percate del tipo de empresa con que va a tener que lidiar d\u00ed\u00ada a d\u00ed\u00ada en su relaci\u00f3n laboral, sinti\u00e9ndose continuamente presionado, debiendo estar a disposici\u00f3n de la empresa m\u00e1s all\u00e1 de la jornada para la que han sido contratados, realizando horas extras casi de manera continua y que en ning\u00fan caso se llegan a cobrar. Buena forma esta de abrir negocios y establecimientos, a costa de explotar a los y las empleados\/as, bajo un clima de presi\u00f3n constante que ha llevado, en el caso de nuestra compa\u00f1era Beatriz, trabajadora desde hace m\u00e1s de 5 a\u00f1os del centro de trabajo que Pecaditos tiene en la calle Valent\u00ed\u00adn Jal\u00f3n, a una incapacidad temporal derivada del estado de ansiedad que sufre desde hace 6 meses. A pesar del tiempo que ha permanecido de baja, Beatriz no se ha podido librar de esa sensaci\u00f3n de quien es vigilada de un modo u otro y de manera constante.<\/p>\n<p>El objetivo de Antonio Cuadrado (due\u00f1o de la cadena) ha sido, en todo momento lograr que la trabajadora se marchara voluntariamente para ahorrarse la indemnizaci\u00f3n por despido improcedente, pr\u00e1ctica habitual en este tipo de empresas. C\u00f3mo a pesar de la presi\u00f3n continuada a la que ha sometido a Beatriz, \u00e9sta no ha mostrado en ning\u00fan momento intenci\u00f3n de rescindir el contrato, el empresario ha optado finalmente por despedirla, a\u00fan estando de baja.<\/p>\n<p>Desde CNT Burgos ponemos en conocimiento estos hechos y llamamos al boicot de este establecimiento<\/p>\n<p>TE CONVOCAMOS ESTE VIERNES, A PARTIR DE LAS 18:00 A LA CONCENTRACI\u00ed\u201cN QUE TENDR\u00ed\u0081 LUGAR EN LAS PUERTAS DE PECADITOS DE LA CALLE SAN PABLO<br \/>\n<strong>\u00a1SI TOCAN A UNA, NOS TOCAN A TODAS!<\/strong><\/p>\n","protected":false},"excerpt":{"rendered":"<p>CONCENTRACI\u00ed\u201cN A LAS PUERTAS &#8220;PECADITOS&#8221; (C\/ San Pablo 1, Burgos) VIERNES 23 DE JUNIO, 18:00 h<\/p>\n","protected":false},"author":69,"featured_media":18460,"comment_status":"open","ping_status":"closed","sticky":false,"template":"","format":"standard","meta":[],"categories":[2,14],"tags":[],"_links":{"self":[{"href":"https:\/\/diariodevurgos.com\/dvwps\/wp-json\/wp\/v2\/posts\/18459"}],"collection":[{"href":"https:\/\/diariodevurgos.com\/dvwps\/wp-json\/wp\/v2\/posts"}],"about":[{"href":"https:\/\/diariodevurgos.com\/dvwps\/wp-json\/wp\/v2\/types\/post"}],"author":[{"embeddable":true,"href":"https:\/\/diariodevurgos.com\/dvwps\/wp-json\/wp\/v2\/users\/69"}],"replies":[{"embeddable":true,"href":"https:\/\/diariodevurgos.com\/dvwps\/wp-json\/wp\/v2\/comments?post=18459"}],"version-history":[{"count":1,"href":"https:\/\/diariodevurgos.com\/dvwps\/wp-json\/wp\/v2\/posts\/18459\/revisions"}],"predecessor-version":[{"id":18461,"href":"https:\/\/diariodevurgos.com\/dvwps\/wp-json\/wp\/v2\/posts\/18459\/revisions\/18461"}],"wp:featuredmedia":[{"embeddable":true,"href":"https:\/\/diariodevurgos.com\/dvwps\/wp-json\/wp\/v2\/media\/18460"}],"wp:attachment":[{"href":"https:\/\/diariodevurgos.com\/dvwps\/wp-json\/wp\/v2\/media?parent=18459"}],"wp:term":[{"taxonomy":"category","embeddable":true,"href":"https:\/\/diariodevurgos.com\/dvwps\/wp-json\/wp\/v2\/categories?post=18459"},{"taxonomy":"post_tag","embeddable":true,"href":"https:\/\/diariodevurgos.com\/dvwps\/wp-json\/wp\/v2\/tags?post=18459"}],"curies":[{"name":"wp","href":"https:\/\/api.w.org\/{rel}","templated":true}]}}