{"id":18487,"date":"2017-06-24T15:51:08","date_gmt":"2017-06-24T14:51:08","guid":{"rendered":"http:\/\/diariodevurgos.com\/dvwps\/?p=18487"},"modified":"2017-06-24T15:51:08","modified_gmt":"2017-06-24T14:51:08","slug":"dia-del-orgullo-lgtb","status":"publish","type":"post","link":"https:\/\/diariodevurgos.com\/dvwps\/dia-del-orgullo-lgtb.php","title":{"rendered":"D\u00ed\u00ada del orgullo LGTB"},"content":{"rendered":"<p class=\"lead\">Los d\u00ed\u00adas 27 y 28 de junio, se organizar\u00e1n en Burgos un par de actos con motivo del orgullo LGTB.<\/p>\n<p>Estos ser\u00e1n:<\/p>\n<p>27 a las 19h <span class=\"_5mfr _47e3\"><span class=\"_7oe\">\u00e2\u017e\u00a1<\/span><\/span> Besada en la catedral<\/p>\n<div class=\"text_exposed_show\">\n<p>28 a las 20h <span class=\"_5mfr _47e3\"><span class=\"_7oe\">\u00e2\u017e\u00a1<\/span><\/span> Manifestaci\u00f3n desde la plaza del Cid.<\/p>\n<p><strong>\u00a1Contra el hetero patriarcado y el capitalismo!<\/strong><\/p>\n<p><strong>\u00a1Por un movimiento LGTB combativo!<\/strong><\/p>\n<\/div>\n","protected":false},"excerpt":{"rendered":"<p>Los d\u00ed\u00adas 27 y 28 de junio, se organizar\u00e1n en Burgos un par de actos con motivo del orgullo LGTB. Estos ser\u00e1n: 27 a las 19h \u00e2\u017e\u00a1 Besada en la catedral 28 a las 20h \u00e2\u017e\u00a1 Manifestaci\u00f3n desde la plaza del Cid. \u00a1Contra el hetero patriarcado y el capitalismo! \u00a1Por un movimiento LGTB combativo!<\/p>\n","protected":false},"author":69,"featured_media":18488,"comment_status":"open","ping_status":"closed","sticky":false,"template":"","format":"standard","meta":[],"categories":[14,66],"tags":[],"_links":{"self":[{"href":"https:\/\/diariodevurgos.com\/dvwps\/wp-json\/wp\/v2\/posts\/18487"}],"collection":[{"href":"https:\/\/diariodevurgos.com\/dvwps\/wp-json\/wp\/v2\/posts"}],"about":[{"href":"https:\/\/diariodevurgos.com\/dvwps\/wp-json\/wp\/v2\/types\/post"}],"author":[{"embeddable":true,"href":"https:\/\/diariodevurgos.com\/dvwps\/wp-json\/wp\/v2\/users\/69"}],"replies":[{"embeddable":true,"href":"https:\/\/diariodevurgos.com\/dvwps\/wp-json\/wp\/v2\/comments?post=18487"}],"version-history":[{"count":3,"href":"https:\/\/diariodevurgos.com\/dvwps\/wp-json\/wp\/v2\/posts\/18487\/revisions"}],"predecessor-version":[{"id":18491,"href":"https:\/\/diariodevurgos.com\/dvwps\/wp-json\/wp\/v2\/posts\/18487\/revisions\/18491"}],"wp:featuredmedia":[{"embeddable":true,"href":"https:\/\/diariodevurgos.com\/dvwps\/wp-json\/wp\/v2\/media\/18488"}],"wp:attachment":[{"href":"https:\/\/diariodevurgos.com\/dvwps\/wp-json\/wp\/v2\/media?parent=18487"}],"wp:term":[{"taxonomy":"category","embeddable":true,"href":"https:\/\/diariodevurgos.com\/dvwps\/wp-json\/wp\/v2\/categories?post=18487"},{"taxonomy":"post_tag","embeddable":true,"href":"https:\/\/diariodevurgos.com\/dvwps\/wp-json\/wp\/v2\/tags?post=18487"}],"curies":[{"name":"wp","href":"https:\/\/api.w.org\/{rel}","templated":true}]}}