{"id":18515,"date":"2017-06-27T13:08:46","date_gmt":"2017-06-27T12:08:46","guid":{"rendered":"http:\/\/diariodevurgos.com\/dvwps\/?p=18515"},"modified":"2017-06-27T13:08:46","modified_gmt":"2017-06-27T12:08:46","slug":"xx-aniversario-resaca-castellana","status":"publish","type":"post","link":"https:\/\/diariodevurgos.com\/dvwps\/xx-aniversario-resaca-castellana.php","title":{"rendered":"XX Aniversario Resaca Castellana"},"content":{"rendered":"<p class=\"lead\">El colectivo Resaca Castellana celebra su XX aniversario con varias actividades que tendr\u00e1n lugar en el <a href=\"http:\/\/csrgamonal.ga\/2017\/06\/27\/xx-aniversario-resaka-castellana-proyeccion-y-conciertos\/\">Centro Social Recuperado de Gamonal <\/a>este <strong>s\u00e1bado 1 de julio<\/strong> de 2017. Entre las iniciativas programadas, destaca la proyecci\u00f3n de v\u00ed\u00addeo y pegatinas que realizar\u00e1 un recorrido por los 20 a\u00f1os de existencia de este colectivo antifascista as\u00ed\u00ad como diversos conciertos de hardcore, rock and roll y rap. Como de costumbre, la entrada en el CSR Gamonal es gratuita.<\/p>\n<p style=\"text-align: center;\"><img loading=\"lazy\" class=\"aligncenter  wp-image-18516\" src=\"http:\/\/diariodevurgos.com\/dvwps\/wp-content\/uploads\/2017\/06\/IMG_2791-768x1024.jpg\" alt=\"\" width=\"543\" height=\"724\" srcset=\"https:\/\/diariodevurgos.com\/dvwps\/wp-content\/uploads\/2017\/06\/IMG_2791-768x1024.jpg 768w, https:\/\/diariodevurgos.com\/dvwps\/wp-content\/uploads\/2017\/06\/IMG_2791-225x300.jpg 225w, https:\/\/diariodevurgos.com\/dvwps\/wp-content\/uploads\/2017\/06\/IMG_2791-370x493.jpg 370w, https:\/\/diariodevurgos.com\/dvwps\/wp-content\/uploads\/2017\/06\/IMG_2791.jpg 1008w\" sizes=\"(max-width: 543px) 100vw, 543px\" \/><\/p>\n","protected":false},"excerpt":{"rendered":"<p>El colectivo Resaca Castellana celebra su XX aniversario con varias actividades que tendr\u00e1n lugar en el Centro Social Recuperado de Gamonal este s\u00e1bado 1 de julio de 2017. Entre las iniciativas programadas, destaca la proyecci\u00f3n de v\u00ed\u00addeo y pegatinas que realizar\u00e1 un recorrido por los 20 a\u00f1os de existencia de este colectivo antifascista as\u00ed\u00ad como&#8230;  <a href=\"https:\/\/diariodevurgos.com\/dvwps\/xx-aniversario-resaca-castellana.php\" class=\"more-link\" title=\"Read XX Aniversario Resaca Castellana\">Read more &raquo;<\/a><\/p>\n","protected":false},"author":2,"featured_media":18516,"comment_status":"open","ping_status":"closed","sticky":false,"template":"","format":"standard","meta":[],"categories":[31,2,57,78,14,27],"tags":[],"_links":{"self":[{"href":"https:\/\/diariodevurgos.com\/dvwps\/wp-json\/wp\/v2\/posts\/18515"}],"collection":[{"href":"https:\/\/diariodevurgos.com\/dvwps\/wp-json\/wp\/v2\/posts"}],"about":[{"href":"https:\/\/diariodevurgos.com\/dvwps\/wp-json\/wp\/v2\/types\/post"}],"author":[{"embeddable":true,"href":"https:\/\/diariodevurgos.com\/dvwps\/wp-json\/wp\/v2\/users\/2"}],"replies":[{"embeddable":true,"href":"https:\/\/diariodevurgos.com\/dvwps\/wp-json\/wp\/v2\/comments?post=18515"}],"version-history":[{"count":1,"href":"https:\/\/diariodevurgos.com\/dvwps\/wp-json\/wp\/v2\/posts\/18515\/revisions"}],"predecessor-version":[{"id":18517,"href":"https:\/\/diariodevurgos.com\/dvwps\/wp-json\/wp\/v2\/posts\/18515\/revisions\/18517"}],"wp:featuredmedia":[{"embeddable":true,"href":"https:\/\/diariodevurgos.com\/dvwps\/wp-json\/wp\/v2\/media\/18516"}],"wp:attachment":[{"href":"https:\/\/diariodevurgos.com\/dvwps\/wp-json\/wp\/v2\/media?parent=18515"}],"wp:term":[{"taxonomy":"category","embeddable":true,"href":"https:\/\/diariodevurgos.com\/dvwps\/wp-json\/wp\/v2\/categories?post=18515"},{"taxonomy":"post_tag","embeddable":true,"href":"https:\/\/diariodevurgos.com\/dvwps\/wp-json\/wp\/v2\/tags?post=18515"}],"curies":[{"name":"wp","href":"https:\/\/api.w.org\/{rel}","templated":true}]}}